{"id":9883,"date":"2025-04-07T16:15:08","date_gmt":"2025-04-07T14:15:08","guid":{"rendered":"https:\/\/www.ecolenormalecortot.com\/?p=9883"},"modified":"2025-04-07T16:21:55","modified_gmt":"2025-04-07T14:21:55","slug":"artist-diploma-2025","status":"publish","type":"post","link":"https:\/\/www.ecolenormalecortot.com\/en\/2025\/04\/07\/artist-diploma-2025\/","title":{"rendered":"Artist diploma 2025"},"content":{"rendered":"\n<p>Venez \u00e9couter les \u00e9preuves publiques de fin d\u2019\u00e9tudes des \u00e9tudiants de l\u2019Ecole normale de musique de Paris en\u00a0<strong>3e cycle sup\u00e9rieur \u2013 Artist Diploma<\/strong>.<\/p>\n\n\n\n<p><br>Cet \u00e9v\u00e9nement se d\u00e9roulera \u00e0 la\u00a0<strong>Salle Cortot<\/strong>, o\u00f9 nos \u00e9tudiants pr\u00e9senteront le fruit de leurs ann\u00e9es de travail acharn\u00e9 et leur \u00e9volution avant d\u2019entamer leur carri\u00e8re professionnelle.<\/p>\n\n\n\n<p><br>Ces r\u00e9citals sont gratuits, l\u2019entr\u00e9e est libre dans la limite des place disponibles.\u00a0<br>Attention, l\u2019entr\u00e9e du public s\u2019effectue par l\u2019entr\u00e9e de l\u2019Ecole normale de musique de Paris, au 114bis Boulevard Malesherbes.<\/p>\n\n\n\n<p>N\u2019h\u00e9sitez pas \u00e0 venir les encourager !<\/p>\n\n\n\n<p><strong>Horaires de passage :<\/strong><\/p>\n\n\n\n<p><strong>VIOLONCELLE<\/strong> | <a href=\"https:\/\/sallecortot.com\/event\/artist-diploma-2025-violoncelle\/\">Voir le programme<\/a><\/p>\n\n\n\n<ul class=\"wp-block-list\">\n<li>Lundi 5 mai : 10h00-10h45<\/li>\n<\/ul>\n\n\n\n<p><strong>VIOLON<\/strong> | <a href=\"https:\/\/sallecortot.com\/event\/artist-diploma-2025-violon\/\">Voir le programme<\/a><\/p>\n\n\n\n<ul class=\"wp-block-list\">\n<li>Lundi 5 mai : 11h00 &#8211; 17h15<\/li>\n<\/ul>\n\n\n\n<p><strong>HAUTBOIS<\/strong> | <a href=\"https:\/\/sallecortot.com\/event\/artist-diploma-2025-hautbois\/\">Voir le programme<\/a><\/p>\n\n\n\n<ul class=\"wp-block-list\">\n<li>Mardi 6 mai : 09h00 &#8211; 10h30<\/li>\n<\/ul>\n\n\n\n<p><strong>DUO DE PIANOS<\/strong> | <a href=\"https:\/\/sallecortot.com\/event\/artist-diploma-2025-duo-de-piano\/\">Voir le programme<\/a><\/p>\n\n\n\n<ul class=\"wp-block-list\">\n<li>Mardi 6 mai : 11h30 &#8211; 12h15<\/li>\n<\/ul>\n\n\n\n<p><strong>CLARINETTE<\/strong> | <a href=\"https:\/\/sallecortot.com\/event\/artist-diploma-2025-clarinette\/\">Voir le programme<\/a><\/p>\n\n\n\n<ul class=\"wp-block-list\">\n<li>Mercredi 7 mai : 09h00 &#8211; 12h15<\/li>\n<\/ul>\n\n\n\n<p><strong>FL\u00dbTE<\/strong> | <a href=\"https:\/\/sallecortot.com\/event\/artist-diploma-2025-clarinette\/\">Voir le programme<\/a><\/p>\n\n\n\n<ul class=\"wp-block-list\">\n<li>Samedi 10 mai : 10h00 &#8211; 18h30<\/li>\n\n\n\n<li>Dimanche 11 mai : 10h00 &#8211; 17h15<\/li>\n<\/ul>\n\n\n\n<p><strong>CHANT<\/strong> | <a href=\"https:\/\/sallecortot.com\/event\/artist-diploma-2025-chant\/\">Voir le programme<\/a><\/p>\n\n\n\n<ul class=\"wp-block-list\">\n<li>Vendredi 16 mai : 10h00 &#8211; 19h00<\/li>\n\n\n\n<li>Samedi 17 mai : 10h00 &#8211; 19h00<\/li>\n<\/ul>\n\n\n\n<p><strong>PIANO<\/strong> | <a href=\"https:\/\/sallecortot.com\/event\/artist-diploma-2025-piano\/\">Voir le programme<\/a><\/p>\n\n\n\n<ul class=\"wp-block-list\">\n<li>Lundi 19 mai : 09h00 &#8211; 18h15<\/li>\n\n\n\n<li>Mardi 20 mai : 09h00 &#8211; 19h00<\/li>\n\n\n\n<li>Mercredi 21 mai : 09h00 &#8211; 19h00<\/li>\n\n\n\n<li>Jeudi 22 mai : 09h00 &#8211; 17h15<\/li>\n<\/ul>\n\n\n\n<p><\/p>\n","protected":false},"excerpt":{"rendered":"<p>Venez \u00e9couter les \u00e9preuves publiques de fin d\u2019\u00e9tudes des \u00e9tudiants de l\u2019Ecole normale de musique de Paris en\u00a03e cycle sup\u00e9rieur [&hellip;]<\/p>\n","protected":false},"author":8,"featured_media":9890,"comment_status":"closed","ping_status":"open","sticky":false,"template":"","format":"standard","meta":{"_acf_changed":false,"footnotes":""},"categories":[159],"tags":[],"class_list":["post-9883","post","type-post","status-publish","format-standard","has-post-thumbnail","hentry","category-actualite"],"acf":[],"yoast_head":"<!-- This site is optimized with the Yoast SEO plugin v27.5 - https:\/\/yoast.com\/product\/yoast-seo-wordpress\/ -->\n<title>Artist diploma 2025 - Ecole Normale de Musique de Paris<\/title>\n<meta name=\"robots\" content=\"index, follow, max-snippet:-1, max-image-preview:large, max-video-preview:-1\" \/>\n<link rel=\"canonical\" href=\"https:\/\/www.ecolenormalecortot.com\/en\/2025\/04\/07\/artist-diploma-2025\/\" \/>\n<meta property=\"og:locale\" content=\"en_US\" \/>\n<meta property=\"og:type\" content=\"article\" \/>\n<meta property=\"og:title\" content=\"Artist diploma 2025 - Ecole Normale de Musique de Paris\" \/>\n<meta property=\"og:description\" content=\"Venez \u00e9couter les \u00e9preuves publiques de fin d\u2019\u00e9tudes des \u00e9tudiants de l\u2019Ecole normale de musique de Paris en\u00a03e cycle sup\u00e9rieur [&hellip;]\" \/>\n<meta property=\"og:url\" content=\"https:\/\/www.ecolenormalecortot.com\/en\/2025\/04\/07\/artist-diploma-2025\/\" \/>\n<meta property=\"og:site_name\" content=\"Ecole Normale de Musique de Paris\" \/>\n<meta property=\"article:published_time\" content=\"2025-04-07T14:15:08+00:00\" \/>\n<meta property=\"article:modified_time\" content=\"2025-04-07T14:21:55+00:00\" \/>\n<meta property=\"og:image\" content=\"https:\/\/www.ecolenormalecortot.com\/wp-content\/uploads\/2025\/04\/LD-20250116-0055-scaled.jpg\" \/>\n\t<meta property=\"og:image:width\" content=\"2560\" \/>\n\t<meta property=\"og:image:height\" content=\"1707\" \/>\n\t<meta property=\"og:image:type\" content=\"image\/jpeg\" \/>\n<meta name=\"author\" content=\"Camille Genty\" \/>\n<meta name=\"twitter:card\" content=\"summary_large_image\" \/>\n<meta name=\"twitter:label1\" content=\"Written by\" \/>\n\t<meta name=\"twitter:data1\" content=\"Camille Genty\" \/>\n\t<meta name=\"twitter:label2\" content=\"Est. reading time\" \/>\n\t<meta name=\"twitter:data2\" content=\"2 minutes\" \/>\n<script type=\"application\/ld+json\" class=\"yoast-schema-graph\">{\"@context\":\"https:\\\/\\\/schema.org\",\"@graph\":[{\"@type\":\"Article\",\"@id\":\"https:\\\/\\\/www.ecolenormalecortot.com\\\/en\\\/2025\\\/04\\\/07\\\/artist-diploma-2025\\\/#article\",\"isPartOf\":{\"@id\":\"https:\\\/\\\/www.ecolenormalecortot.com\\\/en\\\/2025\\\/04\\\/07\\\/artist-diploma-2025\\\/\"},\"author\":{\"name\":\"Camille Genty\",\"@id\":\"https:\\\/\\\/www.ecolenormalecortot.com\\\/en\\\/#\\\/schema\\\/person\\\/cac0abc85f4521461b212259964b745f\"},\"headline\":\"Artist diploma 2025\",\"datePublished\":\"2025-04-07T14:15:08+00:00\",\"dateModified\":\"2025-04-07T14:21:55+00:00\",\"mainEntityOfPage\":{\"@id\":\"https:\\\/\\\/www.ecolenormalecortot.com\\\/en\\\/2025\\\/04\\\/07\\\/artist-diploma-2025\\\/\"},\"wordCount\":211,\"publisher\":{\"@id\":\"https:\\\/\\\/www.ecolenormalecortot.com\\\/en\\\/#organization\"},\"image\":{\"@id\":\"https:\\\/\\\/www.ecolenormalecortot.com\\\/en\\\/2025\\\/04\\\/07\\\/artist-diploma-2025\\\/#primaryimage\"},\"thumbnailUrl\":\"https:\\\/\\\/www.ecolenormalecortot.com\\\/wp-content\\\/uploads\\\/2025\\\/04\\\/LD-20250116-0055-scaled.jpg\",\"articleSection\":[\"Actualit\u00e9\"],\"inLanguage\":\"en-US\"},{\"@type\":\"WebPage\",\"@id\":\"https:\\\/\\\/www.ecolenormalecortot.com\\\/en\\\/2025\\\/04\\\/07\\\/artist-diploma-2025\\\/\",\"url\":\"https:\\\/\\\/www.ecolenormalecortot.com\\\/en\\\/2025\\\/04\\\/07\\\/artist-diploma-2025\\\/\",\"name\":\"Artist diploma 2025 - Ecole Normale de Musique de Paris\",\"isPartOf\":{\"@id\":\"https:\\\/\\\/www.ecolenormalecortot.com\\\/en\\\/#website\"},\"primaryImageOfPage\":{\"@id\":\"https:\\\/\\\/www.ecolenormalecortot.com\\\/en\\\/2025\\\/04\\\/07\\\/artist-diploma-2025\\\/#primaryimage\"},\"image\":{\"@id\":\"https:\\\/\\\/www.ecolenormalecortot.com\\\/en\\\/2025\\\/04\\\/07\\\/artist-diploma-2025\\\/#primaryimage\"},\"thumbnailUrl\":\"https:\\\/\\\/www.ecolenormalecortot.com\\\/wp-content\\\/uploads\\\/2025\\\/04\\\/LD-20250116-0055-scaled.jpg\",\"datePublished\":\"2025-04-07T14:15:08+00:00\",\"dateModified\":\"2025-04-07T14:21:55+00:00\",\"breadcrumb\":{\"@id\":\"https:\\\/\\\/www.ecolenormalecortot.com\\\/en\\\/2025\\\/04\\\/07\\\/artist-diploma-2025\\\/#breadcrumb\"},\"inLanguage\":\"en-US\",\"potentialAction\":[{\"@type\":\"ReadAction\",\"target\":[\"https:\\\/\\\/www.ecolenormalecortot.com\\\/en\\\/2025\\\/04\\\/07\\\/artist-diploma-2025\\\/\"]}]},{\"@type\":\"ImageObject\",\"inLanguage\":\"en-US\",\"@id\":\"https:\\\/\\\/www.ecolenormalecortot.com\\\/en\\\/2025\\\/04\\\/07\\\/artist-diploma-2025\\\/#primaryimage\",\"url\":\"https:\\\/\\\/www.ecolenormalecortot.com\\\/wp-content\\\/uploads\\\/2025\\\/04\\\/LD-20250116-0055-scaled.jpg\",\"contentUrl\":\"https:\\\/\\\/www.ecolenormalecortot.com\\\/wp-content\\\/uploads\\\/2025\\\/04\\\/LD-20250116-0055-scaled.jpg\",\"width\":2560,\"height\":1707},{\"@type\":\"BreadcrumbList\",\"@id\":\"https:\\\/\\\/www.ecolenormalecortot.com\\\/en\\\/2025\\\/04\\\/07\\\/artist-diploma-2025\\\/#breadcrumb\",\"itemListElement\":[{\"@type\":\"ListItem\",\"position\":1,\"name\":\"Accueil\",\"item\":\"https:\\\/\\\/www.ecolenormalecortot.com\\\/en\\\/\"},{\"@type\":\"ListItem\",\"position\":2,\"name\":\"Artist diploma 2025\"}]},{\"@type\":\"WebSite\",\"@id\":\"https:\\\/\\\/www.ecolenormalecortot.com\\\/en\\\/#website\",\"url\":\"https:\\\/\\\/www.ecolenormalecortot.com\\\/en\\\/\",\"name\":\"Ecole Normale de Musique de Paris\",\"description\":\"\",\"publisher\":{\"@id\":\"https:\\\/\\\/www.ecolenormalecortot.com\\\/en\\\/#organization\"},\"potentialAction\":[{\"@type\":\"SearchAction\",\"target\":{\"@type\":\"EntryPoint\",\"urlTemplate\":\"https:\\\/\\\/www.ecolenormalecortot.com\\\/en\\\/?s={search_term_string}\"},\"query-input\":{\"@type\":\"PropertyValueSpecification\",\"valueRequired\":true,\"valueName\":\"search_term_string\"}}],\"inLanguage\":\"en-US\"},{\"@type\":\"Organization\",\"@id\":\"https:\\\/\\\/www.ecolenormalecortot.com\\\/en\\\/#organization\",\"name\":\"Ecole Normale de Musique de Paris\",\"url\":\"https:\\\/\\\/www.ecolenormalecortot.com\\\/en\\\/\",\"logo\":{\"@type\":\"ImageObject\",\"inLanguage\":\"en-US\",\"@id\":\"https:\\\/\\\/www.ecolenormalecortot.com\\\/en\\\/#\\\/schema\\\/logo\\\/image\\\/\",\"url\":\"https:\\\/\\\/www.ecolenormalecortot.com\\\/wp-content\\\/uploads\\\/2023\\\/02\\\/android-chrome-512x512-1.png\",\"contentUrl\":\"https:\\\/\\\/www.ecolenormalecortot.com\\\/wp-content\\\/uploads\\\/2023\\\/02\\\/android-chrome-512x512-1.png\",\"width\":512,\"height\":512,\"caption\":\"Ecole Normale de Musique de Paris\"},\"image\":{\"@id\":\"https:\\\/\\\/www.ecolenormalecortot.com\\\/en\\\/#\\\/schema\\\/logo\\\/image\\\/\"}},{\"@type\":\"Person\",\"@id\":\"https:\\\/\\\/www.ecolenormalecortot.com\\\/en\\\/#\\\/schema\\\/person\\\/cac0abc85f4521461b212259964b745f\",\"name\":\"Camille Genty\",\"image\":{\"@type\":\"ImageObject\",\"inLanguage\":\"en-US\",\"@id\":\"https:\\\/\\\/secure.gravatar.com\\\/avatar\\\/b623273c5e4a414335f2e17782d2d509070806c762af50254dc20f0fc3ade0a9?s=96&d=mm&r=g\",\"url\":\"https:\\\/\\\/secure.gravatar.com\\\/avatar\\\/b623273c5e4a414335f2e17782d2d509070806c762af50254dc20f0fc3ade0a9?s=96&d=mm&r=g\",\"contentUrl\":\"https:\\\/\\\/secure.gravatar.com\\\/avatar\\\/b623273c5e4a414335f2e17782d2d509070806c762af50254dc20f0fc3ade0a9?s=96&d=mm&r=g\",\"caption\":\"Camille Genty\"},\"sameAs\":[\"http:\\\/\\\/www.ecolenormalecortot.com\"]}]}<\/script>\n<!-- \/ Yoast SEO plugin. -->","yoast_head_json":{"title":"Artist diploma 2025 - Ecole Normale de Musique de Paris","robots":{"index":"index","follow":"follow","max-snippet":"max-snippet:-1","max-image-preview":"max-image-preview:large","max-video-preview":"max-video-preview:-1"},"canonical":"https:\/\/www.ecolenormalecortot.com\/en\/2025\/04\/07\/artist-diploma-2025\/","og_locale":"en_US","og_type":"article","og_title":"Artist diploma 2025 - Ecole Normale de Musique de Paris","og_description":"Venez \u00e9couter les \u00e9preuves publiques de fin d\u2019\u00e9tudes des \u00e9tudiants de l\u2019Ecole normale de musique de Paris en\u00a03e cycle sup\u00e9rieur [&hellip;]","og_url":"https:\/\/www.ecolenormalecortot.com\/en\/2025\/04\/07\/artist-diploma-2025\/","og_site_name":"Ecole Normale de Musique de Paris","article_published_time":"2025-04-07T14:15:08+00:00","article_modified_time":"2025-04-07T14:21:55+00:00","og_image":[{"width":2560,"height":1707,"url":"https:\/\/www.ecolenormalecortot.com\/wp-content\/uploads\/2025\/04\/LD-20250116-0055-scaled.jpg","type":"image\/jpeg"}],"author":"Camille Genty","twitter_card":"summary_large_image","twitter_misc":{"Written by":"Camille Genty","Est. reading time":"2 minutes"},"schema":{"@context":"https:\/\/schema.org","@graph":[{"@type":"Article","@id":"https:\/\/www.ecolenormalecortot.com\/en\/2025\/04\/07\/artist-diploma-2025\/#article","isPartOf":{"@id":"https:\/\/www.ecolenormalecortot.com\/en\/2025\/04\/07\/artist-diploma-2025\/"},"author":{"name":"Camille Genty","@id":"https:\/\/www.ecolenormalecortot.com\/en\/#\/schema\/person\/cac0abc85f4521461b212259964b745f"},"headline":"Artist diploma 2025","datePublished":"2025-04-07T14:15:08+00:00","dateModified":"2025-04-07T14:21:55+00:00","mainEntityOfPage":{"@id":"https:\/\/www.ecolenormalecortot.com\/en\/2025\/04\/07\/artist-diploma-2025\/"},"wordCount":211,"publisher":{"@id":"https:\/\/www.ecolenormalecortot.com\/en\/#organization"},"image":{"@id":"https:\/\/www.ecolenormalecortot.com\/en\/2025\/04\/07\/artist-diploma-2025\/#primaryimage"},"thumbnailUrl":"https:\/\/www.ecolenormalecortot.com\/wp-content\/uploads\/2025\/04\/LD-20250116-0055-scaled.jpg","articleSection":["Actualit\u00e9"],"inLanguage":"en-US"},{"@type":"WebPage","@id":"https:\/\/www.ecolenormalecortot.com\/en\/2025\/04\/07\/artist-diploma-2025\/","url":"https:\/\/www.ecolenormalecortot.com\/en\/2025\/04\/07\/artist-diploma-2025\/","name":"Artist diploma 2025 - Ecole Normale de Musique de Paris","isPartOf":{"@id":"https:\/\/www.ecolenormalecortot.com\/en\/#website"},"primaryImageOfPage":{"@id":"https:\/\/www.ecolenormalecortot.com\/en\/2025\/04\/07\/artist-diploma-2025\/#primaryimage"},"image":{"@id":"https:\/\/www.ecolenormalecortot.com\/en\/2025\/04\/07\/artist-diploma-2025\/#primaryimage"},"thumbnailUrl":"https:\/\/www.ecolenormalecortot.com\/wp-content\/uploads\/2025\/04\/LD-20250116-0055-scaled.jpg","datePublished":"2025-04-07T14:15:08+00:00","dateModified":"2025-04-07T14:21:55+00:00","breadcrumb":{"@id":"https:\/\/www.ecolenormalecortot.com\/en\/2025\/04\/07\/artist-diploma-2025\/#breadcrumb"},"inLanguage":"en-US","potentialAction":[{"@type":"ReadAction","target":["https:\/\/www.ecolenormalecortot.com\/en\/2025\/04\/07\/artist-diploma-2025\/"]}]},{"@type":"ImageObject","inLanguage":"en-US","@id":"https:\/\/www.ecolenormalecortot.com\/en\/2025\/04\/07\/artist-diploma-2025\/#primaryimage","url":"https:\/\/www.ecolenormalecortot.com\/wp-content\/uploads\/2025\/04\/LD-20250116-0055-scaled.jpg","contentUrl":"https:\/\/www.ecolenormalecortot.com\/wp-content\/uploads\/2025\/04\/LD-20250116-0055-scaled.jpg","width":2560,"height":1707},{"@type":"BreadcrumbList","@id":"https:\/\/www.ecolenormalecortot.com\/en\/2025\/04\/07\/artist-diploma-2025\/#breadcrumb","itemListElement":[{"@type":"ListItem","position":1,"name":"Accueil","item":"https:\/\/www.ecolenormalecortot.com\/en\/"},{"@type":"ListItem","position":2,"name":"Artist diploma 2025"}]},{"@type":"WebSite","@id":"https:\/\/www.ecolenormalecortot.com\/en\/#website","url":"https:\/\/www.ecolenormalecortot.com\/en\/","name":"Ecole Normale de Musique de Paris","description":"","publisher":{"@id":"https:\/\/www.ecolenormalecortot.com\/en\/#organization"},"potentialAction":[{"@type":"SearchAction","target":{"@type":"EntryPoint","urlTemplate":"https:\/\/www.ecolenormalecortot.com\/en\/?s={search_term_string}"},"query-input":{"@type":"PropertyValueSpecification","valueRequired":true,"valueName":"search_term_string"}}],"inLanguage":"en-US"},{"@type":"Organization","@id":"https:\/\/www.ecolenormalecortot.com\/en\/#organization","name":"Ecole Normale de Musique de Paris","url":"https:\/\/www.ecolenormalecortot.com\/en\/","logo":{"@type":"ImageObject","inLanguage":"en-US","@id":"https:\/\/www.ecolenormalecortot.com\/en\/#\/schema\/logo\/image\/","url":"https:\/\/www.ecolenormalecortot.com\/wp-content\/uploads\/2023\/02\/android-chrome-512x512-1.png","contentUrl":"https:\/\/www.ecolenormalecortot.com\/wp-content\/uploads\/2023\/02\/android-chrome-512x512-1.png","width":512,"height":512,"caption":"Ecole Normale de Musique de Paris"},"image":{"@id":"https:\/\/www.ecolenormalecortot.com\/en\/#\/schema\/logo\/image\/"}},{"@type":"Person","@id":"https:\/\/www.ecolenormalecortot.com\/en\/#\/schema\/person\/cac0abc85f4521461b212259964b745f","name":"Camille Genty","image":{"@type":"ImageObject","inLanguage":"en-US","@id":"https:\/\/secure.gravatar.com\/avatar\/b623273c5e4a414335f2e17782d2d509070806c762af50254dc20f0fc3ade0a9?s=96&d=mm&r=g","url":"https:\/\/secure.gravatar.com\/avatar\/b623273c5e4a414335f2e17782d2d509070806c762af50254dc20f0fc3ade0a9?s=96&d=mm&r=g","contentUrl":"https:\/\/secure.gravatar.com\/avatar\/b623273c5e4a414335f2e17782d2d509070806c762af50254dc20f0fc3ade0a9?s=96&d=mm&r=g","caption":"Camille Genty"},"sameAs":["http:\/\/www.ecolenormalecortot.com"]}]}},"_links":{"self":[{"href":"https:\/\/www.ecolenormalecortot.com\/en\/wp-json\/wp\/v2\/posts\/9883","targetHints":{"allow":["GET"]}}],"collection":[{"href":"https:\/\/www.ecolenormalecortot.com\/en\/wp-json\/wp\/v2\/posts"}],"about":[{"href":"https:\/\/www.ecolenormalecortot.com\/en\/wp-json\/wp\/v2\/types\/post"}],"author":[{"embeddable":true,"href":"https:\/\/www.ecolenormalecortot.com\/en\/wp-json\/wp\/v2\/users\/8"}],"replies":[{"embeddable":true,"href":"https:\/\/www.ecolenormalecortot.com\/en\/wp-json\/wp\/v2\/comments?post=9883"}],"version-history":[{"count":6,"href":"https:\/\/www.ecolenormalecortot.com\/en\/wp-json\/wp\/v2\/posts\/9883\/revisions"}],"predecessor-version":[{"id":9889,"href":"https:\/\/www.ecolenormalecortot.com\/en\/wp-json\/wp\/v2\/posts\/9883\/revisions\/9889"}],"wp:featuredmedia":[{"embeddable":true,"href":"https:\/\/www.ecolenormalecortot.com\/en\/wp-json\/wp\/v2\/media\/9890"}],"wp:attachment":[{"href":"https:\/\/www.ecolenormalecortot.com\/en\/wp-json\/wp\/v2\/media?parent=9883"}],"wp:term":[{"taxonomy":"category","embeddable":true,"href":"https:\/\/www.ecolenormalecortot.com\/en\/wp-json\/wp\/v2\/categories?post=9883"},{"taxonomy":"post_tag","embeddable":true,"href":"https:\/\/www.ecolenormalecortot.com\/en\/wp-json\/wp\/v2\/tags?post=9883"}],"curies":[{"name":"wp","href":"https:\/\/api.w.org\/{rel}","templated":true}]}}