{"id":7874,"date":"2024-11-27T13:09:38","date_gmt":"2024-11-27T12:09:38","guid":{"rendered":"https:\/\/www.ecolenormalecortot.com\/?p=7874"},"modified":"2024-11-27T13:24:06","modified_gmt":"2024-11-27T12:24:06","slug":"gala-de-la-voix-2025","status":"publish","type":"post","link":"https:\/\/www.ecolenormalecortot.com\/en\/2024\/11\/27\/gala-de-la-voix-2025\/","title":{"rendered":"Gala de la Voix 2025"},"content":{"rendered":"\n<p>L\u2019\u00c9cole Normale de Musique de Paris est fi\u00e8re de pr\u00e9senter son tout premier\u00a0<strong>Gala de la Voix<\/strong>, un \u00e9v\u00e9nement exceptionnel con\u00e7u pour mettre \u00e0 l\u2019honneur le talent et l\u2019excellence de ses jeunes chanteurs. <\/p>\n\n\n\n<p>Sept artistes ont \u00e9t\u00e9 s\u00e9lectionn\u00e9s sur audition par un jury professionnel parmi les \u00e9tudiants et anciens \u00e9tudiants des classes de chant de l\u2019\u00c9cole :<\/p>\n\n\n\n<ul class=\"wp-block-list\">\n<li><strong>Risa ICHIKAWA<\/strong>, classe de Marie-Th\u00e9r\u00e8se KELLER<\/li>\n\n\n\n<li><strong>Andrei ZHDANOV<\/strong>, classe de Francis DUDZIAK<\/li>\n\n\n\n<li><strong>Anne-Lise POLCHLOPEK<\/strong>, classe de V\u00e9ronique GENS<\/li>\n\n\n\n<li><strong>Fachu LUO<\/strong>, classe de Francis DUDZIAK<\/li>\n\n\n\n<li><strong>Margaux LOIRE<\/strong>, classe de V\u00e9ronique GENS<\/li>\n\n\n\n<li><strong>Kitae SONG<\/strong>, classe de Jean-Philippe LAFONT<\/li>\n\n\n\n<li><strong>Inna KALUGINA<\/strong>, classe de Vladimir TCHERNOV<\/li>\n<\/ul>\n\n\n\n<p>Pr\u00e9par\u00e9s par des intervenants sp\u00e9cialis\u00e9s&nbsp;<em>(coaching vocal, th\u00e9\u00e2tre, mise en espace)<\/em>, ils donneront un concert de gala le&nbsp;<strong>14 janvier 2025 \u00e0 19h30 \u00e0 la Salle Cortot<\/strong>. Cette soir\u00e9e exceptionnelle offrira aux spectateurs un programme riche et vari\u00e9, con\u00e7u pour r\u00e9v\u00e9ler toute la diversit\u00e9 et la beaut\u00e9 de leurs voix.<\/p>\n\n\n\n<p>Trois prix, financ\u00e9s par le soutien g\u00e9n\u00e9reux de la&nbsp;<strong>Fondation Minou Amir-Aslani,<\/strong>&nbsp;viendront r\u00e9compenser les laur\u00e9ats de ce gala :<\/p>\n\n\n\n<ul class=\"wp-block-list\">\n<li><strong>Deux prix<\/strong>\u00a0seront attribu\u00e9s par un jury prestigieux, pr\u00e9sid\u00e9 par\u00a0<strong>Alain Lanceron<\/strong>, Pr\u00e9sident de Warner Classics &amp; Erato, accompagn\u00e9 d\u2019<strong>Edwin Crossley-Mercer<\/strong>, chanteur et professeur \u00e0 l\u2019\u00c9cole,\u00a0<strong>Marcel Quillever\u00e9,<\/strong>\u00a0journaliste musical et producteur \u00e0 France Musique ainsi que <strong>Sandrine Piau<\/strong> tr\u00e8s grande cantatrice et harpiste fran\u00e7aise.<\/li>\n\n\n\n<li><strong>Le troisi\u00e8me prix sera remis par le public,\u00a0<\/strong>qui sera ainsi invit\u00e9 \u00e0 prendre une part active dans la tenue de cet \u00e9v\u00e8nement.<\/li>\n<\/ul>\n\n\n\n<p>Ce Gala de la voix marque une \u00e9tape importante dans la mise en lumi\u00e8re de la nouvelle g\u00e9n\u00e9ration de chanteurs et s\u2019inscrit dans la tradition d\u2019excellence et d\u2019innovation artistique de l\u2019\u00c9cole Normale de Musique de Paris.<\/p>\n\n\n\n<p><strong>Infos et r\u00e9servation :<\/strong> https:\/\/sallecortot.com\/event\/gala-de-la-voix-2025<\/p>\n\n\n\n<figure class=\"wp-block-image size-full is-resized\"><img loading=\"lazy\" decoding=\"async\" width=\"450\" height=\"197\" src=\"https:\/\/www.ecolenormalecortot.com\/wp-content\/uploads\/2024\/11\/cropped-log-fondation-1.png\" alt=\"\" class=\"wp-image-7829\" style=\"width:219px;height:auto\" srcset=\"https:\/\/www.ecolenormalecortot.com\/wp-content\/uploads\/2024\/11\/cropped-log-fondation-1.png 450w, https:\/\/www.ecolenormalecortot.com\/wp-content\/uploads\/2024\/11\/cropped-log-fondation-1-300x131.png 300w\" sizes=\"auto, (max-width: 450px) 100vw, 450px\" \/><\/figure>\n\n\n\n<p><\/p>\n","protected":false},"excerpt":{"rendered":"<p>L\u2019\u00c9cole Normale de Musique de Paris est fi\u00e8re de pr\u00e9senter son tout premier\u00a0Gala de la Voix, un \u00e9v\u00e9nement exceptionnel con\u00e7u [&hellip;]<\/p>\n","protected":false},"author":8,"featured_media":7846,"comment_status":"closed","ping_status":"open","sticky":false,"template":"","format":"standard","meta":{"_acf_changed":false,"footnotes":""},"categories":[159,18],"tags":[],"class_list":["post-7874","post","type-post","status-publish","format-standard","has-post-thumbnail","hentry","category-actualite","category-concerts-des-etudiants"],"acf":[],"yoast_head":"<!-- This site is optimized with the Yoast SEO plugin v27.5 - https:\/\/yoast.com\/product\/yoast-seo-wordpress\/ -->\n<title>Gala de la Voix 2025 - Ecole Normale de Musique de Paris<\/title>\n<meta name=\"robots\" content=\"index, follow, max-snippet:-1, max-image-preview:large, max-video-preview:-1\" \/>\n<link rel=\"canonical\" href=\"https:\/\/www.ecolenormalecortot.com\/en\/2024\/11\/27\/gala-de-la-voix-2025\/\" \/>\n<meta property=\"og:locale\" content=\"en_US\" \/>\n<meta property=\"og:type\" content=\"article\" \/>\n<meta property=\"og:title\" content=\"Gala de la Voix 2025 - Ecole Normale de Musique de Paris\" \/>\n<meta property=\"og:description\" content=\"L\u2019\u00c9cole Normale de Musique de Paris est fi\u00e8re de pr\u00e9senter son tout premier\u00a0Gala de la Voix, un \u00e9v\u00e9nement exceptionnel con\u00e7u [&hellip;]\" \/>\n<meta property=\"og:url\" content=\"https:\/\/www.ecolenormalecortot.com\/en\/2024\/11\/27\/gala-de-la-voix-2025\/\" \/>\n<meta property=\"og:site_name\" content=\"Ecole Normale de Musique de Paris\" \/>\n<meta property=\"article:published_time\" content=\"2024-11-27T12:09:38+00:00\" \/>\n<meta property=\"article:modified_time\" content=\"2024-11-27T12:24:06+00:00\" \/>\n<meta property=\"og:image\" content=\"https:\/\/www.ecolenormalecortot.com\/wp-content\/uploads\/2024\/11\/GALA-DE-LA-VOIX_SITE-WEB-ENMP-4.webp\" \/>\n\t<meta property=\"og:image:width\" content=\"1920\" \/>\n\t<meta property=\"og:image:height\" content=\"1210\" \/>\n\t<meta property=\"og:image:type\" content=\"image\/webp\" \/>\n<meta name=\"author\" content=\"Camille Genty\" \/>\n<meta name=\"twitter:card\" content=\"summary_large_image\" \/>\n<meta name=\"twitter:label1\" content=\"Written by\" \/>\n\t<meta name=\"twitter:data1\" content=\"Camille Genty\" \/>\n\t<meta name=\"twitter:label2\" content=\"Est. reading time\" \/>\n\t<meta name=\"twitter:data2\" content=\"2 minutes\" \/>\n<script type=\"application\/ld+json\" class=\"yoast-schema-graph\">{\"@context\":\"https:\\\/\\\/schema.org\",\"@graph\":[{\"@type\":\"Article\",\"@id\":\"https:\\\/\\\/www.ecolenormalecortot.com\\\/en\\\/2024\\\/11\\\/27\\\/gala-de-la-voix-2025\\\/#article\",\"isPartOf\":{\"@id\":\"https:\\\/\\\/www.ecolenormalecortot.com\\\/en\\\/2024\\\/11\\\/27\\\/gala-de-la-voix-2025\\\/\"},\"author\":{\"name\":\"Camille Genty\",\"@id\":\"https:\\\/\\\/www.ecolenormalecortot.com\\\/en\\\/#\\\/schema\\\/person\\\/cac0abc85f4521461b212259964b745f\"},\"headline\":\"Gala de la Voix 2025\",\"datePublished\":\"2024-11-27T12:09:38+00:00\",\"dateModified\":\"2024-11-27T12:24:06+00:00\",\"mainEntityOfPage\":{\"@id\":\"https:\\\/\\\/www.ecolenormalecortot.com\\\/en\\\/2024\\\/11\\\/27\\\/gala-de-la-voix-2025\\\/\"},\"wordCount\":324,\"publisher\":{\"@id\":\"https:\\\/\\\/www.ecolenormalecortot.com\\\/en\\\/#organization\"},\"image\":{\"@id\":\"https:\\\/\\\/www.ecolenormalecortot.com\\\/en\\\/2024\\\/11\\\/27\\\/gala-de-la-voix-2025\\\/#primaryimage\"},\"thumbnailUrl\":\"https:\\\/\\\/www.ecolenormalecortot.com\\\/wp-content\\\/uploads\\\/2024\\\/11\\\/GALA-DE-LA-VOIX_SITE-WEB-ENMP-4.webp\",\"articleSection\":[\"Actualit\u00e9\",\"Concerts des \u00e9tudiants\"],\"inLanguage\":\"en-US\"},{\"@type\":\"WebPage\",\"@id\":\"https:\\\/\\\/www.ecolenormalecortot.com\\\/en\\\/2024\\\/11\\\/27\\\/gala-de-la-voix-2025\\\/\",\"url\":\"https:\\\/\\\/www.ecolenormalecortot.com\\\/en\\\/2024\\\/11\\\/27\\\/gala-de-la-voix-2025\\\/\",\"name\":\"Gala de la Voix 2025 - Ecole Normale de Musique de Paris\",\"isPartOf\":{\"@id\":\"https:\\\/\\\/www.ecolenormalecortot.com\\\/en\\\/#website\"},\"primaryImageOfPage\":{\"@id\":\"https:\\\/\\\/www.ecolenormalecortot.com\\\/en\\\/2024\\\/11\\\/27\\\/gala-de-la-voix-2025\\\/#primaryimage\"},\"image\":{\"@id\":\"https:\\\/\\\/www.ecolenormalecortot.com\\\/en\\\/2024\\\/11\\\/27\\\/gala-de-la-voix-2025\\\/#primaryimage\"},\"thumbnailUrl\":\"https:\\\/\\\/www.ecolenormalecortot.com\\\/wp-content\\\/uploads\\\/2024\\\/11\\\/GALA-DE-LA-VOIX_SITE-WEB-ENMP-4.webp\",\"datePublished\":\"2024-11-27T12:09:38+00:00\",\"dateModified\":\"2024-11-27T12:24:06+00:00\",\"breadcrumb\":{\"@id\":\"https:\\\/\\\/www.ecolenormalecortot.com\\\/en\\\/2024\\\/11\\\/27\\\/gala-de-la-voix-2025\\\/#breadcrumb\"},\"inLanguage\":\"en-US\",\"potentialAction\":[{\"@type\":\"ReadAction\",\"target\":[\"https:\\\/\\\/www.ecolenormalecortot.com\\\/en\\\/2024\\\/11\\\/27\\\/gala-de-la-voix-2025\\\/\"]}]},{\"@type\":\"ImageObject\",\"inLanguage\":\"en-US\",\"@id\":\"https:\\\/\\\/www.ecolenormalecortot.com\\\/en\\\/2024\\\/11\\\/27\\\/gala-de-la-voix-2025\\\/#primaryimage\",\"url\":\"https:\\\/\\\/www.ecolenormalecortot.com\\\/wp-content\\\/uploads\\\/2024\\\/11\\\/GALA-DE-LA-VOIX_SITE-WEB-ENMP-4.webp\",\"contentUrl\":\"https:\\\/\\\/www.ecolenormalecortot.com\\\/wp-content\\\/uploads\\\/2024\\\/11\\\/GALA-DE-LA-VOIX_SITE-WEB-ENMP-4.webp\",\"width\":1920,\"height\":1210},{\"@type\":\"BreadcrumbList\",\"@id\":\"https:\\\/\\\/www.ecolenormalecortot.com\\\/en\\\/2024\\\/11\\\/27\\\/gala-de-la-voix-2025\\\/#breadcrumb\",\"itemListElement\":[{\"@type\":\"ListItem\",\"position\":1,\"name\":\"Accueil\",\"item\":\"https:\\\/\\\/www.ecolenormalecortot.com\\\/en\\\/\"},{\"@type\":\"ListItem\",\"position\":2,\"name\":\"Gala de la Voix 2025\"}]},{\"@type\":\"WebSite\",\"@id\":\"https:\\\/\\\/www.ecolenormalecortot.com\\\/en\\\/#website\",\"url\":\"https:\\\/\\\/www.ecolenormalecortot.com\\\/en\\\/\",\"name\":\"Ecole Normale de Musique de Paris\",\"description\":\"\",\"publisher\":{\"@id\":\"https:\\\/\\\/www.ecolenormalecortot.com\\\/en\\\/#organization\"},\"potentialAction\":[{\"@type\":\"SearchAction\",\"target\":{\"@type\":\"EntryPoint\",\"urlTemplate\":\"https:\\\/\\\/www.ecolenormalecortot.com\\\/en\\\/?s={search_term_string}\"},\"query-input\":{\"@type\":\"PropertyValueSpecification\",\"valueRequired\":true,\"valueName\":\"search_term_string\"}}],\"inLanguage\":\"en-US\"},{\"@type\":\"Organization\",\"@id\":\"https:\\\/\\\/www.ecolenormalecortot.com\\\/en\\\/#organization\",\"name\":\"Ecole Normale de Musique de Paris\",\"url\":\"https:\\\/\\\/www.ecolenormalecortot.com\\\/en\\\/\",\"logo\":{\"@type\":\"ImageObject\",\"inLanguage\":\"en-US\",\"@id\":\"https:\\\/\\\/www.ecolenormalecortot.com\\\/en\\\/#\\\/schema\\\/logo\\\/image\\\/\",\"url\":\"https:\\\/\\\/www.ecolenormalecortot.com\\\/wp-content\\\/uploads\\\/2023\\\/02\\\/android-chrome-512x512-1.png\",\"contentUrl\":\"https:\\\/\\\/www.ecolenormalecortot.com\\\/wp-content\\\/uploads\\\/2023\\\/02\\\/android-chrome-512x512-1.png\",\"width\":512,\"height\":512,\"caption\":\"Ecole Normale de Musique de Paris\"},\"image\":{\"@id\":\"https:\\\/\\\/www.ecolenormalecortot.com\\\/en\\\/#\\\/schema\\\/logo\\\/image\\\/\"}},{\"@type\":\"Person\",\"@id\":\"https:\\\/\\\/www.ecolenormalecortot.com\\\/en\\\/#\\\/schema\\\/person\\\/cac0abc85f4521461b212259964b745f\",\"name\":\"Camille Genty\",\"image\":{\"@type\":\"ImageObject\",\"inLanguage\":\"en-US\",\"@id\":\"https:\\\/\\\/secure.gravatar.com\\\/avatar\\\/b623273c5e4a414335f2e17782d2d509070806c762af50254dc20f0fc3ade0a9?s=96&d=mm&r=g\",\"url\":\"https:\\\/\\\/secure.gravatar.com\\\/avatar\\\/b623273c5e4a414335f2e17782d2d509070806c762af50254dc20f0fc3ade0a9?s=96&d=mm&r=g\",\"contentUrl\":\"https:\\\/\\\/secure.gravatar.com\\\/avatar\\\/b623273c5e4a414335f2e17782d2d509070806c762af50254dc20f0fc3ade0a9?s=96&d=mm&r=g\",\"caption\":\"Camille Genty\"},\"sameAs\":[\"http:\\\/\\\/www.ecolenormalecortot.com\"]}]}<\/script>\n<!-- \/ Yoast SEO plugin. -->","yoast_head_json":{"title":"Gala de la Voix 2025 - Ecole Normale de Musique de Paris","robots":{"index":"index","follow":"follow","max-snippet":"max-snippet:-1","max-image-preview":"max-image-preview:large","max-video-preview":"max-video-preview:-1"},"canonical":"https:\/\/www.ecolenormalecortot.com\/en\/2024\/11\/27\/gala-de-la-voix-2025\/","og_locale":"en_US","og_type":"article","og_title":"Gala de la Voix 2025 - Ecole Normale de Musique de Paris","og_description":"L\u2019\u00c9cole Normale de Musique de Paris est fi\u00e8re de pr\u00e9senter son tout premier\u00a0Gala de la Voix, un \u00e9v\u00e9nement exceptionnel con\u00e7u [&hellip;]","og_url":"https:\/\/www.ecolenormalecortot.com\/en\/2024\/11\/27\/gala-de-la-voix-2025\/","og_site_name":"Ecole Normale de Musique de Paris","article_published_time":"2024-11-27T12:09:38+00:00","article_modified_time":"2024-11-27T12:24:06+00:00","og_image":[{"width":1920,"height":1210,"url":"https:\/\/www.ecolenormalecortot.com\/wp-content\/uploads\/2024\/11\/GALA-DE-LA-VOIX_SITE-WEB-ENMP-4.webp","type":"image\/webp"}],"author":"Camille Genty","twitter_card":"summary_large_image","twitter_misc":{"Written by":"Camille Genty","Est. reading time":"2 minutes"},"schema":{"@context":"https:\/\/schema.org","@graph":[{"@type":"Article","@id":"https:\/\/www.ecolenormalecortot.com\/en\/2024\/11\/27\/gala-de-la-voix-2025\/#article","isPartOf":{"@id":"https:\/\/www.ecolenormalecortot.com\/en\/2024\/11\/27\/gala-de-la-voix-2025\/"},"author":{"name":"Camille Genty","@id":"https:\/\/www.ecolenormalecortot.com\/en\/#\/schema\/person\/cac0abc85f4521461b212259964b745f"},"headline":"Gala de la Voix 2025","datePublished":"2024-11-27T12:09:38+00:00","dateModified":"2024-11-27T12:24:06+00:00","mainEntityOfPage":{"@id":"https:\/\/www.ecolenormalecortot.com\/en\/2024\/11\/27\/gala-de-la-voix-2025\/"},"wordCount":324,"publisher":{"@id":"https:\/\/www.ecolenormalecortot.com\/en\/#organization"},"image":{"@id":"https:\/\/www.ecolenormalecortot.com\/en\/2024\/11\/27\/gala-de-la-voix-2025\/#primaryimage"},"thumbnailUrl":"https:\/\/www.ecolenormalecortot.com\/wp-content\/uploads\/2024\/11\/GALA-DE-LA-VOIX_SITE-WEB-ENMP-4.webp","articleSection":["Actualit\u00e9","Concerts des \u00e9tudiants"],"inLanguage":"en-US"},{"@type":"WebPage","@id":"https:\/\/www.ecolenormalecortot.com\/en\/2024\/11\/27\/gala-de-la-voix-2025\/","url":"https:\/\/www.ecolenormalecortot.com\/en\/2024\/11\/27\/gala-de-la-voix-2025\/","name":"Gala de la Voix 2025 - Ecole Normale de Musique de Paris","isPartOf":{"@id":"https:\/\/www.ecolenormalecortot.com\/en\/#website"},"primaryImageOfPage":{"@id":"https:\/\/www.ecolenormalecortot.com\/en\/2024\/11\/27\/gala-de-la-voix-2025\/#primaryimage"},"image":{"@id":"https:\/\/www.ecolenormalecortot.com\/en\/2024\/11\/27\/gala-de-la-voix-2025\/#primaryimage"},"thumbnailUrl":"https:\/\/www.ecolenormalecortot.com\/wp-content\/uploads\/2024\/11\/GALA-DE-LA-VOIX_SITE-WEB-ENMP-4.webp","datePublished":"2024-11-27T12:09:38+00:00","dateModified":"2024-11-27T12:24:06+00:00","breadcrumb":{"@id":"https:\/\/www.ecolenormalecortot.com\/en\/2024\/11\/27\/gala-de-la-voix-2025\/#breadcrumb"},"inLanguage":"en-US","potentialAction":[{"@type":"ReadAction","target":["https:\/\/www.ecolenormalecortot.com\/en\/2024\/11\/27\/gala-de-la-voix-2025\/"]}]},{"@type":"ImageObject","inLanguage":"en-US","@id":"https:\/\/www.ecolenormalecortot.com\/en\/2024\/11\/27\/gala-de-la-voix-2025\/#primaryimage","url":"https:\/\/www.ecolenormalecortot.com\/wp-content\/uploads\/2024\/11\/GALA-DE-LA-VOIX_SITE-WEB-ENMP-4.webp","contentUrl":"https:\/\/www.ecolenormalecortot.com\/wp-content\/uploads\/2024\/11\/GALA-DE-LA-VOIX_SITE-WEB-ENMP-4.webp","width":1920,"height":1210},{"@type":"BreadcrumbList","@id":"https:\/\/www.ecolenormalecortot.com\/en\/2024\/11\/27\/gala-de-la-voix-2025\/#breadcrumb","itemListElement":[{"@type":"ListItem","position":1,"name":"Accueil","item":"https:\/\/www.ecolenormalecortot.com\/en\/"},{"@type":"ListItem","position":2,"name":"Gala de la Voix 2025"}]},{"@type":"WebSite","@id":"https:\/\/www.ecolenormalecortot.com\/en\/#website","url":"https:\/\/www.ecolenormalecortot.com\/en\/","name":"Ecole Normale de Musique de Paris","description":"","publisher":{"@id":"https:\/\/www.ecolenormalecortot.com\/en\/#organization"},"potentialAction":[{"@type":"SearchAction","target":{"@type":"EntryPoint","urlTemplate":"https:\/\/www.ecolenormalecortot.com\/en\/?s={search_term_string}"},"query-input":{"@type":"PropertyValueSpecification","valueRequired":true,"valueName":"search_term_string"}}],"inLanguage":"en-US"},{"@type":"Organization","@id":"https:\/\/www.ecolenormalecortot.com\/en\/#organization","name":"Ecole Normale de Musique de Paris","url":"https:\/\/www.ecolenormalecortot.com\/en\/","logo":{"@type":"ImageObject","inLanguage":"en-US","@id":"https:\/\/www.ecolenormalecortot.com\/en\/#\/schema\/logo\/image\/","url":"https:\/\/www.ecolenormalecortot.com\/wp-content\/uploads\/2023\/02\/android-chrome-512x512-1.png","contentUrl":"https:\/\/www.ecolenormalecortot.com\/wp-content\/uploads\/2023\/02\/android-chrome-512x512-1.png","width":512,"height":512,"caption":"Ecole Normale de Musique de Paris"},"image":{"@id":"https:\/\/www.ecolenormalecortot.com\/en\/#\/schema\/logo\/image\/"}},{"@type":"Person","@id":"https:\/\/www.ecolenormalecortot.com\/en\/#\/schema\/person\/cac0abc85f4521461b212259964b745f","name":"Camille Genty","image":{"@type":"ImageObject","inLanguage":"en-US","@id":"https:\/\/secure.gravatar.com\/avatar\/b623273c5e4a414335f2e17782d2d509070806c762af50254dc20f0fc3ade0a9?s=96&d=mm&r=g","url":"https:\/\/secure.gravatar.com\/avatar\/b623273c5e4a414335f2e17782d2d509070806c762af50254dc20f0fc3ade0a9?s=96&d=mm&r=g","contentUrl":"https:\/\/secure.gravatar.com\/avatar\/b623273c5e4a414335f2e17782d2d509070806c762af50254dc20f0fc3ade0a9?s=96&d=mm&r=g","caption":"Camille Genty"},"sameAs":["http:\/\/www.ecolenormalecortot.com"]}]}},"_links":{"self":[{"href":"https:\/\/www.ecolenormalecortot.com\/en\/wp-json\/wp\/v2\/posts\/7874","targetHints":{"allow":["GET"]}}],"collection":[{"href":"https:\/\/www.ecolenormalecortot.com\/en\/wp-json\/wp\/v2\/posts"}],"about":[{"href":"https:\/\/www.ecolenormalecortot.com\/en\/wp-json\/wp\/v2\/types\/post"}],"author":[{"embeddable":true,"href":"https:\/\/www.ecolenormalecortot.com\/en\/wp-json\/wp\/v2\/users\/8"}],"replies":[{"embeddable":true,"href":"https:\/\/www.ecolenormalecortot.com\/en\/wp-json\/wp\/v2\/comments?post=7874"}],"version-history":[{"count":2,"href":"https:\/\/www.ecolenormalecortot.com\/en\/wp-json\/wp\/v2\/posts\/7874\/revisions"}],"predecessor-version":[{"id":7879,"href":"https:\/\/www.ecolenormalecortot.com\/en\/wp-json\/wp\/v2\/posts\/7874\/revisions\/7879"}],"wp:featuredmedia":[{"embeddable":true,"href":"https:\/\/www.ecolenormalecortot.com\/en\/wp-json\/wp\/v2\/media\/7846"}],"wp:attachment":[{"href":"https:\/\/www.ecolenormalecortot.com\/en\/wp-json\/wp\/v2\/media?parent=7874"}],"wp:term":[{"taxonomy":"category","embeddable":true,"href":"https:\/\/www.ecolenormalecortot.com\/en\/wp-json\/wp\/v2\/categories?post=7874"},{"taxonomy":"post_tag","embeddable":true,"href":"https:\/\/www.ecolenormalecortot.com\/en\/wp-json\/wp\/v2\/tags?post=7874"}],"curies":[{"name":"wp","href":"https:\/\/api.w.org\/{rel}","templated":true}]}}