{"id":7481,"date":"2024-10-24T14:05:39","date_gmt":"2024-10-24T12:05:39","guid":{"rendered":"https:\/\/www.ecolenormalecortot.com\/?p=7481"},"modified":"2024-11-04T11:38:25","modified_gmt":"2024-11-04T10:38:25","slug":"programme-elite-2024-2025","status":"publish","type":"post","link":"https:\/\/www.ecolenormalecortot.com\/en\/2024\/10\/24\/programme-elite-2024-2025\/","title":{"rendered":"D\u00e9couvrez les nouveaux \u00e9tudiants du programme \u00c9lite 2024-2025"},"content":{"rendered":"\n<p>L\u2019\u00c9cole Normale de Musique de Paris continue \u00e0 soutenir l\u2019excellence et le d\u00e9veloppement artistique avec la nouvelle promotion du programme \u00c9lite pour l\u2019ann\u00e9e scolaire 2024-2025. Ce programme, lanc\u00e9 en 2023\/2024, vise \u00e0 accompagner de jeunes musiciens de tr\u00e8s haut niveau dans la pr\u00e9paration de leurs futures carri\u00e8res professionnelles.<\/p>\n\n\n\n<p>Destin\u00e9 \u00e0 des musiciens ayant d\u00e9j\u00e0 obtenu leur Artist Diploma, voire exceptionnellement leur Master, ce programme prestigieux permet aux \u00e9tudiants s\u00e9lectionn\u00e9s de b\u00e9n\u00e9ficier d\u2019un suivi personnalis\u00e9 et d&#8217;une bourse d\u2019\u00e9tude cons\u00e9quente. Leur parcours, d\u2019une dur\u00e9e d\u2019un an, est ajust\u00e9 selon leur projet professionnel, avec l\u2019accompagnement de professeurs de renomm\u00e9e internationale, des formations compl\u00e9mentaires et des opportunit\u00e9s de se produire en public.<\/p>\n\n\n\n<p>Les nouveaux \u00e9tudiants du programme pour 2024-2025 incluent une gamme impressionnante de talents :<\/p>\n\n\n\n<ul class=\"wp-block-list\">\n<li><strong>Inna Kalugina<\/strong>, chant | <a href=\"https:\/\/www.ecolenormalecortot.com\/enseignants\/vladimir-chernov\/\">Vladimir Chernov<\/a><\/li>\n\n\n\n<li><strong>Dominic Chamot<\/strong>, piano | <a href=\"https:\/\/www.ecolenormalecortot.com\/en\/enseignants\/rena-shereshevskaya\/\">Rena Shereshevskaya<\/a><\/li>\n\n\n\n<li><strong>Ryan Wang<\/strong>, piano | <a href=\"https:\/\/www.ecolenormalecortot.com\/enseignants\/marian-rybicki\/\">Marian Rybicki<\/a><\/li>\n\n\n\n<li><strong>Le duo Ermitage<\/strong>, violoncelle et piano | Victor Julien-Laferri\u00e8re et Jonas Vitaud<\/li>\n\n\n\n<li><strong>Chiara et Fiona Alaimo<\/strong>, duo de pianos | <a href=\"https:\/\/www.duoberlinskaiaancelle.com\/fr\/about-the-duo\/\">Ludmila Berlinskaya et Arthur Ancel<\/a>le<\/li>\n\n\n\n<li><strong>Aur\u00e9lien Picard<\/strong>, fl\u00fbte | <a href=\"https:\/\/www.ecolenormalecortot.com\/enseignants\/lefebvre-claude\/\">Claude Lef\u00e8bvre<\/a><\/li>\n\n\n\n<li><strong>Kazumitsu Ujisawa<\/strong>, piano | <a href=\"https:\/\/www.ecolenormalecortot.com\/enseignants\/marie-catherine-girod\/\">Marie-Catherine Girod<\/a><\/li>\n\n\n\n<li><strong>Antoni Wrona<\/strong>, violoncelle |  <a href=\"https:\/\/henridemarquette.fr\/\">Henri Demarquette<\/a><\/li>\n\n\n\n<li><strong>Margaux Loire<\/strong>, chant | <a href=\"https:\/\/www.veroniquegens.com\/\">V\u00e9ronique Gens<\/a><\/li>\n\n\n\n<li><strong>Quatuor M\u00e9tamorphoses<\/strong>, <strong>Quatuor Moser<\/strong> et le <strong>Trio Parrh\u00e8sia<\/strong> | <a href=\"https:\/\/www.modiglianiquartet.com\/\">Quatuor Modigliani<\/a><\/li>\n<\/ul>\n\n\n\n<p>Le point culminant de cette ann\u00e9e pour les \u00e9tudiants sera le <strong>Festival \u00c9lite <\/strong>\u00e0 la <a href=\"https:\/\/sallecortot.com\/\">Salle Cortot<\/a>, o\u00f9 ils auront l\u2019occasion de d\u00e9montrer leur expertise musicale sur sc\u00e8ne. Ce programme leur offre non seulement un tremplin vers une carri\u00e8re internationale mais aussi un r\u00e9seau de contacts professionnels essentiels, avec des agents, des organisateurs de concerts, et des festivals. Ils deviendront ainsi les ambassadeurs de l\u2019\u00c9cole, portant haut les valeurs d&#8217;excellence qui lui sont ch\u00e8res.<\/p>\n\n\n\n<p>Ce programme leur offre \u00e0 la fois un compl\u00e9ment de formation au tr\u00e8s haut niveau dans leur domaine, un tremplin vers des distinctions et des concours qui seront essentiels pour leur future carri\u00e8re internationale \u00a0et l&#8217;acc\u00e8s \u00e0 un r\u00e9seau de contacts professionnels \u00a0avec des agents, des organisateurs de concerts, et des festivals, qui leur ouvriront la porte \u00a0pour de premiers engagements. Port\u00e9s par leurs succ\u00e8s , ils deviendront \u00e0 l\u2019avenir les meilleurs ambassadeurs de l\u2019\u00c9cole et incarneront les valeurs d\u2019excellence qui lui sont ch\u00e8res.<\/p>\n\n\n\n<p>Une telle opportunit\u00e9 est de grande valeur pour les jeunes musiciens s\u00e9lectionn\u00e9s car la p\u00e9riode qui s\u00e9pare leur dipl\u00f4me d\u2019une insertion r\u00e9ussie dans le milieu professionnel de la musique, est pour eux l\u2019une des plus difficiles. Y \u00eatre accompagn\u00e9 et entour\u00e9 de bons conseils est une chance et sera un grand facteur de succ\u00e8s.<\/p>\n\n\n\n<div style=\"height:18px\" aria-hidden=\"true\" class=\"wp-block-spacer\"><\/div>\n\n\n<div class=\"wp-block-image\">\n<figure class=\"alignright size-large is-resized\"><img loading=\"lazy\" decoding=\"async\" width=\"1024\" height=\"168\" src=\"https:\/\/www.ecolenormalecortot.com\/wp-content\/uploads\/2024\/10\/Version-noire-1024x168.png\" alt=\"\" class=\"wp-image-7484\" style=\"width:305px;height:auto\" srcset=\"https:\/\/www.ecolenormalecortot.com\/wp-content\/uploads\/2024\/10\/Version-noire-1024x168.png 1024w, https:\/\/www.ecolenormalecortot.com\/wp-content\/uploads\/2024\/10\/Version-noire-300x49.png 300w, https:\/\/www.ecolenormalecortot.com\/wp-content\/uploads\/2024\/10\/Version-noire-768x126.png 768w, https:\/\/www.ecolenormalecortot.com\/wp-content\/uploads\/2024\/10\/Version-noire-1536x251.png 1536w, https:\/\/www.ecolenormalecortot.com\/wp-content\/uploads\/2024\/10\/Version-noire-2048x335.png 2048w, https:\/\/www.ecolenormalecortot.com\/wp-content\/uploads\/2024\/10\/Version-noire-1320x216.png 1320w\" sizes=\"auto, (max-width: 1024px) 100vw, 1024px\" \/><\/figure>\n<\/div>\n\n\n<div style=\"height:18px\" aria-hidden=\"true\" class=\"wp-block-spacer\"><\/div>\n\n\n\n<p><\/p>\n","protected":false},"excerpt":{"rendered":"<p>L\u2019\u00c9cole Normale de Musique de Paris continue \u00e0 soutenir l\u2019excellence et le d\u00e9veloppement artistique avec la nouvelle promotion du programme [&hellip;]<\/p>\n","protected":false},"author":8,"featured_media":7487,"comment_status":"closed","ping_status":"open","sticky":false,"template":"","format":"standard","meta":{"_acf_changed":false,"footnotes":""},"categories":[159],"tags":[],"class_list":["post-7481","post","type-post","status-publish","format-standard","has-post-thumbnail","hentry","category-actualite"],"acf":[],"yoast_head":"<!-- This site is optimized with the Yoast SEO plugin v27.5 - https:\/\/yoast.com\/product\/yoast-seo-wordpress\/ -->\n<title>D\u00e9couvrez les nouveaux \u00e9tudiants du programme \u00c9lite 2024-2025 - Ecole Normale de Musique de Paris<\/title>\n<meta name=\"description\" content=\"L\u2019\u00c9cole continue \u00e0 soutenir l\u2019excellence et le d\u00e9veloppement artistique avec la nouvelle promotion du Programme \u00c9lite 2024-2025\" \/>\n<meta name=\"robots\" content=\"index, follow, max-snippet:-1, max-image-preview:large, max-video-preview:-1\" \/>\n<link rel=\"canonical\" href=\"https:\/\/www.ecolenormalecortot.com\/en\/2024\/10\/24\/programme-elite-2024-2025\/\" \/>\n<meta property=\"og:locale\" content=\"en_US\" \/>\n<meta property=\"og:type\" content=\"article\" \/>\n<meta property=\"og:title\" content=\"D\u00e9couvrez les nouveaux \u00e9tudiants du programme \u00c9lite 2024-2025 - Ecole Normale de Musique de Paris\" \/>\n<meta property=\"og:description\" content=\"L\u2019\u00c9cole continue \u00e0 soutenir l\u2019excellence et le d\u00e9veloppement artistique avec la nouvelle promotion du Programme \u00c9lite 2024-2025\" \/>\n<meta property=\"og:url\" content=\"https:\/\/www.ecolenormalecortot.com\/en\/2024\/10\/24\/programme-elite-2024-2025\/\" \/>\n<meta property=\"og:site_name\" content=\"Ecole Normale de Musique de Paris\" \/>\n<meta property=\"article:published_time\" content=\"2024-10-24T12:05:39+00:00\" \/>\n<meta property=\"article:modified_time\" content=\"2024-11-04T10:38:25+00:00\" \/>\n<meta property=\"og:image\" content=\"https:\/\/www.ecolenormalecortot.com\/wp-content\/uploads\/2024\/10\/Programme-Elite-24-25-1024x724.png\" \/>\n\t<meta property=\"og:image:width\" content=\"1024\" \/>\n\t<meta property=\"og:image:height\" content=\"724\" \/>\n\t<meta property=\"og:image:type\" content=\"image\/png\" \/>\n<meta name=\"author\" content=\"Camille Genty\" \/>\n<meta name=\"twitter:card\" content=\"summary_large_image\" \/>\n<meta name=\"twitter:label1\" content=\"Written by\" \/>\n\t<meta name=\"twitter:data1\" content=\"Camille Genty\" \/>\n\t<meta name=\"twitter:label2\" content=\"Est. reading time\" \/>\n\t<meta name=\"twitter:data2\" content=\"3 minutes\" \/>\n<script type=\"application\/ld+json\" class=\"yoast-schema-graph\">{\"@context\":\"https:\\\/\\\/schema.org\",\"@graph\":[{\"@type\":\"Article\",\"@id\":\"https:\\\/\\\/www.ecolenormalecortot.com\\\/en\\\/2024\\\/10\\\/24\\\/programme-elite-2024-2025\\\/#article\",\"isPartOf\":{\"@id\":\"https:\\\/\\\/www.ecolenormalecortot.com\\\/en\\\/2024\\\/10\\\/24\\\/programme-elite-2024-2025\\\/\"},\"author\":{\"name\":\"Camille Genty\",\"@id\":\"https:\\\/\\\/www.ecolenormalecortot.com\\\/en\\\/#\\\/schema\\\/person\\\/cac0abc85f4521461b212259964b745f\"},\"headline\":\"D\u00e9couvrez les nouveaux \u00e9tudiants du programme \u00c9lite 2024-2025\",\"datePublished\":\"2024-10-24T12:05:39+00:00\",\"dateModified\":\"2024-11-04T10:38:25+00:00\",\"mainEntityOfPage\":{\"@id\":\"https:\\\/\\\/www.ecolenormalecortot.com\\\/en\\\/2024\\\/10\\\/24\\\/programme-elite-2024-2025\\\/\"},\"wordCount\":463,\"publisher\":{\"@id\":\"https:\\\/\\\/www.ecolenormalecortot.com\\\/en\\\/#organization\"},\"image\":{\"@id\":\"https:\\\/\\\/www.ecolenormalecortot.com\\\/en\\\/2024\\\/10\\\/24\\\/programme-elite-2024-2025\\\/#primaryimage\"},\"thumbnailUrl\":\"https:\\\/\\\/www.ecolenormalecortot.com\\\/wp-content\\\/uploads\\\/2024\\\/10\\\/Programme-Elite-24-25.png\",\"articleSection\":[\"Actualit\u00e9\"],\"inLanguage\":\"en-US\"},{\"@type\":\"WebPage\",\"@id\":\"https:\\\/\\\/www.ecolenormalecortot.com\\\/en\\\/2024\\\/10\\\/24\\\/programme-elite-2024-2025\\\/\",\"url\":\"https:\\\/\\\/www.ecolenormalecortot.com\\\/en\\\/2024\\\/10\\\/24\\\/programme-elite-2024-2025\\\/\",\"name\":\"D\u00e9couvrez les nouveaux \u00e9tudiants du programme \u00c9lite 2024-2025 - Ecole Normale de Musique de Paris\",\"isPartOf\":{\"@id\":\"https:\\\/\\\/www.ecolenormalecortot.com\\\/en\\\/#website\"},\"primaryImageOfPage\":{\"@id\":\"https:\\\/\\\/www.ecolenormalecortot.com\\\/en\\\/2024\\\/10\\\/24\\\/programme-elite-2024-2025\\\/#primaryimage\"},\"image\":{\"@id\":\"https:\\\/\\\/www.ecolenormalecortot.com\\\/en\\\/2024\\\/10\\\/24\\\/programme-elite-2024-2025\\\/#primaryimage\"},\"thumbnailUrl\":\"https:\\\/\\\/www.ecolenormalecortot.com\\\/wp-content\\\/uploads\\\/2024\\\/10\\\/Programme-Elite-24-25.png\",\"datePublished\":\"2024-10-24T12:05:39+00:00\",\"dateModified\":\"2024-11-04T10:38:25+00:00\",\"description\":\"L\u2019\u00c9cole continue \u00e0 soutenir l\u2019excellence et le d\u00e9veloppement artistique avec la nouvelle promotion du Programme \u00c9lite 2024-2025\",\"breadcrumb\":{\"@id\":\"https:\\\/\\\/www.ecolenormalecortot.com\\\/en\\\/2024\\\/10\\\/24\\\/programme-elite-2024-2025\\\/#breadcrumb\"},\"inLanguage\":\"en-US\",\"potentialAction\":[{\"@type\":\"ReadAction\",\"target\":[\"https:\\\/\\\/www.ecolenormalecortot.com\\\/en\\\/2024\\\/10\\\/24\\\/programme-elite-2024-2025\\\/\"]}]},{\"@type\":\"ImageObject\",\"inLanguage\":\"en-US\",\"@id\":\"https:\\\/\\\/www.ecolenormalecortot.com\\\/en\\\/2024\\\/10\\\/24\\\/programme-elite-2024-2025\\\/#primaryimage\",\"url\":\"https:\\\/\\\/www.ecolenormalecortot.com\\\/wp-content\\\/uploads\\\/2024\\\/10\\\/Programme-Elite-24-25.png\",\"contentUrl\":\"https:\\\/\\\/www.ecolenormalecortot.com\\\/wp-content\\\/uploads\\\/2024\\\/10\\\/Programme-Elite-24-25.png\",\"width\":2000,\"height\":1414,\"caption\":\"Programme Elite 24-25\"},{\"@type\":\"BreadcrumbList\",\"@id\":\"https:\\\/\\\/www.ecolenormalecortot.com\\\/en\\\/2024\\\/10\\\/24\\\/programme-elite-2024-2025\\\/#breadcrumb\",\"itemListElement\":[{\"@type\":\"ListItem\",\"position\":1,\"name\":\"Accueil\",\"item\":\"https:\\\/\\\/www.ecolenormalecortot.com\\\/en\\\/\"},{\"@type\":\"ListItem\",\"position\":2,\"name\":\"D\u00e9couvrez les nouveaux \u00e9tudiants du programme \u00c9lite 2024-2025\"}]},{\"@type\":\"WebSite\",\"@id\":\"https:\\\/\\\/www.ecolenormalecortot.com\\\/en\\\/#website\",\"url\":\"https:\\\/\\\/www.ecolenormalecortot.com\\\/en\\\/\",\"name\":\"Ecole Normale de Musique de Paris\",\"description\":\"\",\"publisher\":{\"@id\":\"https:\\\/\\\/www.ecolenormalecortot.com\\\/en\\\/#organization\"},\"potentialAction\":[{\"@type\":\"SearchAction\",\"target\":{\"@type\":\"EntryPoint\",\"urlTemplate\":\"https:\\\/\\\/www.ecolenormalecortot.com\\\/en\\\/?s={search_term_string}\"},\"query-input\":{\"@type\":\"PropertyValueSpecification\",\"valueRequired\":true,\"valueName\":\"search_term_string\"}}],\"inLanguage\":\"en-US\"},{\"@type\":\"Organization\",\"@id\":\"https:\\\/\\\/www.ecolenormalecortot.com\\\/en\\\/#organization\",\"name\":\"Ecole Normale de Musique de Paris\",\"url\":\"https:\\\/\\\/www.ecolenormalecortot.com\\\/en\\\/\",\"logo\":{\"@type\":\"ImageObject\",\"inLanguage\":\"en-US\",\"@id\":\"https:\\\/\\\/www.ecolenormalecortot.com\\\/en\\\/#\\\/schema\\\/logo\\\/image\\\/\",\"url\":\"https:\\\/\\\/www.ecolenormalecortot.com\\\/wp-content\\\/uploads\\\/2023\\\/02\\\/android-chrome-512x512-1.png\",\"contentUrl\":\"https:\\\/\\\/www.ecolenormalecortot.com\\\/wp-content\\\/uploads\\\/2023\\\/02\\\/android-chrome-512x512-1.png\",\"width\":512,\"height\":512,\"caption\":\"Ecole Normale de Musique de Paris\"},\"image\":{\"@id\":\"https:\\\/\\\/www.ecolenormalecortot.com\\\/en\\\/#\\\/schema\\\/logo\\\/image\\\/\"}},{\"@type\":\"Person\",\"@id\":\"https:\\\/\\\/www.ecolenormalecortot.com\\\/en\\\/#\\\/schema\\\/person\\\/cac0abc85f4521461b212259964b745f\",\"name\":\"Camille Genty\",\"image\":{\"@type\":\"ImageObject\",\"inLanguage\":\"en-US\",\"@id\":\"https:\\\/\\\/secure.gravatar.com\\\/avatar\\\/b623273c5e4a414335f2e17782d2d509070806c762af50254dc20f0fc3ade0a9?s=96&d=mm&r=g\",\"url\":\"https:\\\/\\\/secure.gravatar.com\\\/avatar\\\/b623273c5e4a414335f2e17782d2d509070806c762af50254dc20f0fc3ade0a9?s=96&d=mm&r=g\",\"contentUrl\":\"https:\\\/\\\/secure.gravatar.com\\\/avatar\\\/b623273c5e4a414335f2e17782d2d509070806c762af50254dc20f0fc3ade0a9?s=96&d=mm&r=g\",\"caption\":\"Camille Genty\"},\"sameAs\":[\"http:\\\/\\\/www.ecolenormalecortot.com\"]}]}<\/script>\n<!-- \/ Yoast SEO plugin. -->","yoast_head_json":{"title":"D\u00e9couvrez les nouveaux \u00e9tudiants du programme \u00c9lite 2024-2025 - Ecole Normale de Musique de Paris","description":"L\u2019\u00c9cole continue \u00e0 soutenir l\u2019excellence et le d\u00e9veloppement artistique avec la nouvelle promotion du Programme \u00c9lite 2024-2025","robots":{"index":"index","follow":"follow","max-snippet":"max-snippet:-1","max-image-preview":"max-image-preview:large","max-video-preview":"max-video-preview:-1"},"canonical":"https:\/\/www.ecolenormalecortot.com\/en\/2024\/10\/24\/programme-elite-2024-2025\/","og_locale":"en_US","og_type":"article","og_title":"D\u00e9couvrez les nouveaux \u00e9tudiants du programme \u00c9lite 2024-2025 - Ecole Normale de Musique de Paris","og_description":"L\u2019\u00c9cole continue \u00e0 soutenir l\u2019excellence et le d\u00e9veloppement artistique avec la nouvelle promotion du Programme \u00c9lite 2024-2025","og_url":"https:\/\/www.ecolenormalecortot.com\/en\/2024\/10\/24\/programme-elite-2024-2025\/","og_site_name":"Ecole Normale de Musique de Paris","article_published_time":"2024-10-24T12:05:39+00:00","article_modified_time":"2024-11-04T10:38:25+00:00","og_image":[{"width":1024,"height":724,"url":"https:\/\/www.ecolenormalecortot.com\/wp-content\/uploads\/2024\/10\/Programme-Elite-24-25-1024x724.png","type":"image\/png"}],"author":"Camille Genty","twitter_card":"summary_large_image","twitter_misc":{"Written by":"Camille Genty","Est. reading time":"3 minutes"},"schema":{"@context":"https:\/\/schema.org","@graph":[{"@type":"Article","@id":"https:\/\/www.ecolenormalecortot.com\/en\/2024\/10\/24\/programme-elite-2024-2025\/#article","isPartOf":{"@id":"https:\/\/www.ecolenormalecortot.com\/en\/2024\/10\/24\/programme-elite-2024-2025\/"},"author":{"name":"Camille Genty","@id":"https:\/\/www.ecolenormalecortot.com\/en\/#\/schema\/person\/cac0abc85f4521461b212259964b745f"},"headline":"D\u00e9couvrez les nouveaux \u00e9tudiants du programme \u00c9lite 2024-2025","datePublished":"2024-10-24T12:05:39+00:00","dateModified":"2024-11-04T10:38:25+00:00","mainEntityOfPage":{"@id":"https:\/\/www.ecolenormalecortot.com\/en\/2024\/10\/24\/programme-elite-2024-2025\/"},"wordCount":463,"publisher":{"@id":"https:\/\/www.ecolenormalecortot.com\/en\/#organization"},"image":{"@id":"https:\/\/www.ecolenormalecortot.com\/en\/2024\/10\/24\/programme-elite-2024-2025\/#primaryimage"},"thumbnailUrl":"https:\/\/www.ecolenormalecortot.com\/wp-content\/uploads\/2024\/10\/Programme-Elite-24-25.png","articleSection":["Actualit\u00e9"],"inLanguage":"en-US"},{"@type":"WebPage","@id":"https:\/\/www.ecolenormalecortot.com\/en\/2024\/10\/24\/programme-elite-2024-2025\/","url":"https:\/\/www.ecolenormalecortot.com\/en\/2024\/10\/24\/programme-elite-2024-2025\/","name":"D\u00e9couvrez les nouveaux \u00e9tudiants du programme \u00c9lite 2024-2025 - Ecole Normale de Musique de Paris","isPartOf":{"@id":"https:\/\/www.ecolenormalecortot.com\/en\/#website"},"primaryImageOfPage":{"@id":"https:\/\/www.ecolenormalecortot.com\/en\/2024\/10\/24\/programme-elite-2024-2025\/#primaryimage"},"image":{"@id":"https:\/\/www.ecolenormalecortot.com\/en\/2024\/10\/24\/programme-elite-2024-2025\/#primaryimage"},"thumbnailUrl":"https:\/\/www.ecolenormalecortot.com\/wp-content\/uploads\/2024\/10\/Programme-Elite-24-25.png","datePublished":"2024-10-24T12:05:39+00:00","dateModified":"2024-11-04T10:38:25+00:00","description":"L\u2019\u00c9cole continue \u00e0 soutenir l\u2019excellence et le d\u00e9veloppement artistique avec la nouvelle promotion du Programme \u00c9lite 2024-2025","breadcrumb":{"@id":"https:\/\/www.ecolenormalecortot.com\/en\/2024\/10\/24\/programme-elite-2024-2025\/#breadcrumb"},"inLanguage":"en-US","potentialAction":[{"@type":"ReadAction","target":["https:\/\/www.ecolenormalecortot.com\/en\/2024\/10\/24\/programme-elite-2024-2025\/"]}]},{"@type":"ImageObject","inLanguage":"en-US","@id":"https:\/\/www.ecolenormalecortot.com\/en\/2024\/10\/24\/programme-elite-2024-2025\/#primaryimage","url":"https:\/\/www.ecolenormalecortot.com\/wp-content\/uploads\/2024\/10\/Programme-Elite-24-25.png","contentUrl":"https:\/\/www.ecolenormalecortot.com\/wp-content\/uploads\/2024\/10\/Programme-Elite-24-25.png","width":2000,"height":1414,"caption":"Programme Elite 24-25"},{"@type":"BreadcrumbList","@id":"https:\/\/www.ecolenormalecortot.com\/en\/2024\/10\/24\/programme-elite-2024-2025\/#breadcrumb","itemListElement":[{"@type":"ListItem","position":1,"name":"Accueil","item":"https:\/\/www.ecolenormalecortot.com\/en\/"},{"@type":"ListItem","position":2,"name":"D\u00e9couvrez les nouveaux \u00e9tudiants du programme \u00c9lite 2024-2025"}]},{"@type":"WebSite","@id":"https:\/\/www.ecolenormalecortot.com\/en\/#website","url":"https:\/\/www.ecolenormalecortot.com\/en\/","name":"Ecole Normale de Musique de Paris","description":"","publisher":{"@id":"https:\/\/www.ecolenormalecortot.com\/en\/#organization"},"potentialAction":[{"@type":"SearchAction","target":{"@type":"EntryPoint","urlTemplate":"https:\/\/www.ecolenormalecortot.com\/en\/?s={search_term_string}"},"query-input":{"@type":"PropertyValueSpecification","valueRequired":true,"valueName":"search_term_string"}}],"inLanguage":"en-US"},{"@type":"Organization","@id":"https:\/\/www.ecolenormalecortot.com\/en\/#organization","name":"Ecole Normale de Musique de Paris","url":"https:\/\/www.ecolenormalecortot.com\/en\/","logo":{"@type":"ImageObject","inLanguage":"en-US","@id":"https:\/\/www.ecolenormalecortot.com\/en\/#\/schema\/logo\/image\/","url":"https:\/\/www.ecolenormalecortot.com\/wp-content\/uploads\/2023\/02\/android-chrome-512x512-1.png","contentUrl":"https:\/\/www.ecolenormalecortot.com\/wp-content\/uploads\/2023\/02\/android-chrome-512x512-1.png","width":512,"height":512,"caption":"Ecole Normale de Musique de Paris"},"image":{"@id":"https:\/\/www.ecolenormalecortot.com\/en\/#\/schema\/logo\/image\/"}},{"@type":"Person","@id":"https:\/\/www.ecolenormalecortot.com\/en\/#\/schema\/person\/cac0abc85f4521461b212259964b745f","name":"Camille Genty","image":{"@type":"ImageObject","inLanguage":"en-US","@id":"https:\/\/secure.gravatar.com\/avatar\/b623273c5e4a414335f2e17782d2d509070806c762af50254dc20f0fc3ade0a9?s=96&d=mm&r=g","url":"https:\/\/secure.gravatar.com\/avatar\/b623273c5e4a414335f2e17782d2d509070806c762af50254dc20f0fc3ade0a9?s=96&d=mm&r=g","contentUrl":"https:\/\/secure.gravatar.com\/avatar\/b623273c5e4a414335f2e17782d2d509070806c762af50254dc20f0fc3ade0a9?s=96&d=mm&r=g","caption":"Camille Genty"},"sameAs":["http:\/\/www.ecolenormalecortot.com"]}]}},"_links":{"self":[{"href":"https:\/\/www.ecolenormalecortot.com\/en\/wp-json\/wp\/v2\/posts\/7481","targetHints":{"allow":["GET"]}}],"collection":[{"href":"https:\/\/www.ecolenormalecortot.com\/en\/wp-json\/wp\/v2\/posts"}],"about":[{"href":"https:\/\/www.ecolenormalecortot.com\/en\/wp-json\/wp\/v2\/types\/post"}],"author":[{"embeddable":true,"href":"https:\/\/www.ecolenormalecortot.com\/en\/wp-json\/wp\/v2\/users\/8"}],"replies":[{"embeddable":true,"href":"https:\/\/www.ecolenormalecortot.com\/en\/wp-json\/wp\/v2\/comments?post=7481"}],"version-history":[{"count":10,"href":"https:\/\/www.ecolenormalecortot.com\/en\/wp-json\/wp\/v2\/posts\/7481\/revisions"}],"predecessor-version":[{"id":7584,"href":"https:\/\/www.ecolenormalecortot.com\/en\/wp-json\/wp\/v2\/posts\/7481\/revisions\/7584"}],"wp:featuredmedia":[{"embeddable":true,"href":"https:\/\/www.ecolenormalecortot.com\/en\/wp-json\/wp\/v2\/media\/7487"}],"wp:attachment":[{"href":"https:\/\/www.ecolenormalecortot.com\/en\/wp-json\/wp\/v2\/media?parent=7481"}],"wp:term":[{"taxonomy":"category","embeddable":true,"href":"https:\/\/www.ecolenormalecortot.com\/en\/wp-json\/wp\/v2\/categories?post=7481"},{"taxonomy":"post_tag","embeddable":true,"href":"https:\/\/www.ecolenormalecortot.com\/en\/wp-json\/wp\/v2\/tags?post=7481"}],"curies":[{"name":"wp","href":"https:\/\/api.w.org\/{rel}","templated":true}]}}