{"id":3689,"date":"2023-05-29T16:32:19","date_gmt":"2023-05-29T14:32:19","guid":{"rendered":"https:\/\/www.ecolenormalecortot.com\/2023\/05\/29\/concours-de-fin-de-1er-2e-cycles-superieurs-et-artist-diploma-1ere-annee\/"},"modified":"2023-05-29T16:35:38","modified_gmt":"2023-05-29T14:35:38","slug":"concours-de-fin-de-1er-2e-cycles-superieurs-et-artist-diploma-1ere-annee","status":"publish","type":"post","link":"https:\/\/www.ecolenormalecortot.com\/en\/2023\/05\/29\/concours-de-fin-de-1er-2e-cycles-superieurs-et-artist-diploma-1ere-annee\/","title":{"rendered":"Concours de fin de 1er &#038; 2e Cycles | Artist Diploma 1ere ann\u00e9e"},"content":{"rendered":"\n<p><\/p>\n\n\n\n<p><\/p>\n\n\n\n<p><br><\/p>\n\n\n\n<p>Les \u00e9preuves des concours de fin de 1er et de 2\u00e8me Cycles Sup\u00e9rieurs ainsi que celles de l&#8217;Artist Diploma 1ere ann\u00e9e se d\u00e9roulent \u00e0 la Salle Cortot.<br>Elles sont ouvertes au public et gratuites.<\/p>\n\n\n\n<h3 class=\"wp-block-heading\"><strong>Calendrier des \u00e9preuves<\/strong><\/h3>\n\n\n\n<p><strong>Musique de chambre<\/strong><br>Jeudi 1er juin | de 9h \u00e0 20h<br>Vendredi 2 juin | de 9h \u00e0 16h<br>Samedi 3 juin | de 9h \u00e0 20h<\/p>\n\n\n\n<p><strong>piano<\/strong><br>Mardi 6 juin | de 9h \u00e0 18h<br>Mercredi 7 juin | de 10h \u00e0 16h<\/p>\n\n\n\n<p>Lundi 26 juin | de 9h \u00e0 19h30<br>Mardi 27 juin | de 9h \u00e0 19h30<br>Mercredi&nbsp; 28 juin | de 9h \u00e0 19h30<br>Jeudi 29 juin | de 9h \u00e0 12h45<\/p>\n\n\n\n<p><strong>violoncelle<\/strong><br>Jeudi 8 juin | de 10h \u00e0 13h<\/p>\n\n\n\n<p><strong>chant<\/strong><br>Vendredi 9 juin | de 13h \u00e0 16h30<\/p>\n\n\n\n<p>Jeudi 15 juin | de 13h \u00e0 19h30<br>Vendredi 16 juin | de 13h \u00e0 19h<\/p>\n\n\n\n<p><strong>direction d&#8217;orchestre<\/strong><br>Dimanche 11 juin | de 9h30&nbsp; \u00e0 19h<\/p>\n\n\n\n<p><strong>hautbois<\/strong><br>Lundi 12 juin | de 14h \u00e0 16h<\/p>\n\n\n\n<p><strong>violon<\/strong><br>Mardi 13 juin | de 13h\u00e0 18h<\/p>\n\n\n\n<p><strong>fl\u00fbte<\/strong><br>Mercredi 14 juin | de 14h \u00e0 15h30<\/p>\n\n\n\n<p>Jeudi 22 juin | de 9h \u00e0 16h30<br>Vendredi 23 juin | de 10h \u00e0 17h30<\/p>\n\n\n\n<p><strong>cor<\/strong><br>Vendredi 16 juin | de 11h \u00e0 11h45<\/p>\n\n\n\n<p><strong>harpe<\/strong><br>Samedi 17 juin | de 10h \u00e0 11h30<\/p>\n\n\n\n<p><strong>composition<\/strong><br>Dimanche 18 juin | de 14h \u00e0 19h<\/p>\n\n\n\n<p><strong>clarinette<\/strong><br>Mardi 20 juin | de 10h \u00e0 15h30<\/p>\n","protected":false},"excerpt":{"rendered":"<p>Les \u00e9preuves des concours de fin de 1er et de 2\u00e8me Cycles Sup\u00e9rieurs ainsi que celles de l&#8217;Artist Diploma 1ere [&hellip;]<\/p>\n","protected":false},"author":2,"featured_media":3676,"comment_status":"closed","ping_status":"open","sticky":false,"template":"","format":"standard","meta":{"_acf_changed":false,"footnotes":""},"categories":[144],"tags":[],"class_list":["post-3689","post","type-post","status-publish","format-standard","has-post-thumbnail","hentry","category-scolarite-en"],"acf":[],"yoast_head":"<!-- This site is optimized with the Yoast SEO plugin v27.5 - https:\/\/yoast.com\/product\/yoast-seo-wordpress\/ -->\n<title>Concours de fin de 1er &amp; 2e Cycles | Artist Diploma 1ere ann\u00e9e - Ecole Normale de Musique de Paris<\/title>\n<meta name=\"robots\" content=\"index, follow, max-snippet:-1, max-image-preview:large, max-video-preview:-1\" \/>\n<link rel=\"canonical\" href=\"https:\/\/www.ecolenormalecortot.com\/en\/2023\/05\/29\/concours-de-fin-de-1er-2e-cycles-superieurs-et-artist-diploma-1ere-annee\/\" \/>\n<meta property=\"og:locale\" content=\"en_US\" \/>\n<meta property=\"og:type\" content=\"article\" \/>\n<meta property=\"og:title\" content=\"Concours de fin de 1er &amp; 2e Cycles | Artist Diploma 1ere ann\u00e9e - Ecole Normale de Musique de Paris\" \/>\n<meta property=\"og:description\" content=\"Les \u00e9preuves des concours de fin de 1er et de 2\u00e8me Cycles Sup\u00e9rieurs ainsi que celles de l&#8217;Artist Diploma 1ere [&hellip;]\" \/>\n<meta property=\"og:url\" content=\"https:\/\/www.ecolenormalecortot.com\/en\/2023\/05\/29\/concours-de-fin-de-1er-2e-cycles-superieurs-et-artist-diploma-1ere-annee\/\" \/>\n<meta property=\"og:site_name\" content=\"Ecole Normale de Musique de Paris\" \/>\n<meta property=\"article:published_time\" content=\"2023-05-29T14:32:19+00:00\" \/>\n<meta property=\"article:modified_time\" content=\"2023-05-29T14:35:38+00:00\" \/>\n<meta property=\"og:image\" content=\"https:\/\/www.ecolenormalecortot.com\/wp-content\/uploads\/2023\/05\/AUTRES-CONCOURS-general.jpg\" \/>\n\t<meta property=\"og:image:width\" content=\"1600\" \/>\n\t<meta property=\"og:image:height\" content=\"1080\" \/>\n\t<meta property=\"og:image:type\" content=\"image\/jpeg\" \/>\n<meta name=\"author\" content=\"Cl\u00e9mence Guibout\" \/>\n<meta name=\"twitter:card\" content=\"summary_large_image\" \/>\n<meta name=\"twitter:label1\" content=\"Written by\" \/>\n\t<meta name=\"twitter:data1\" content=\"Cl\u00e9mence Guibout\" \/>\n\t<meta name=\"twitter:label2\" content=\"Est. reading time\" \/>\n\t<meta name=\"twitter:data2\" content=\"2 minutes\" \/>\n<script type=\"application\/ld+json\" class=\"yoast-schema-graph\">{\"@context\":\"https:\\\/\\\/schema.org\",\"@graph\":[{\"@type\":\"Article\",\"@id\":\"https:\\\/\\\/www.ecolenormalecortot.com\\\/en\\\/2023\\\/05\\\/29\\\/concours-de-fin-de-1er-2e-cycles-superieurs-et-artist-diploma-1ere-annee\\\/#article\",\"isPartOf\":{\"@id\":\"https:\\\/\\\/www.ecolenormalecortot.com\\\/en\\\/2023\\\/05\\\/29\\\/concours-de-fin-de-1er-2e-cycles-superieurs-et-artist-diploma-1ere-annee\\\/\"},\"author\":{\"name\":\"Cl\u00e9mence Guibout\",\"@id\":\"https:\\\/\\\/www.ecolenormalecortot.com\\\/en\\\/#\\\/schema\\\/person\\\/42380751a5c90cb2839e8c53fc903b5a\"},\"headline\":\"Concours de fin de 1er &#038; 2e Cycles | Artist Diploma 1ere ann\u00e9e\",\"datePublished\":\"2023-05-29T14:32:19+00:00\",\"dateModified\":\"2023-05-29T14:35:38+00:00\",\"mainEntityOfPage\":{\"@id\":\"https:\\\/\\\/www.ecolenormalecortot.com\\\/en\\\/2023\\\/05\\\/29\\\/concours-de-fin-de-1er-2e-cycles-superieurs-et-artist-diploma-1ere-annee\\\/\"},\"wordCount\":184,\"publisher\":{\"@id\":\"https:\\\/\\\/www.ecolenormalecortot.com\\\/en\\\/#organization\"},\"image\":{\"@id\":\"https:\\\/\\\/www.ecolenormalecortot.com\\\/en\\\/2023\\\/05\\\/29\\\/concours-de-fin-de-1er-2e-cycles-superieurs-et-artist-diploma-1ere-annee\\\/#primaryimage\"},\"thumbnailUrl\":\"https:\\\/\\\/www.ecolenormalecortot.com\\\/wp-content\\\/uploads\\\/2023\\\/05\\\/AUTRES-CONCOURS-general.jpg\",\"articleSection\":[\"Scolarit\u00e9\"],\"inLanguage\":\"en-US\"},{\"@type\":\"WebPage\",\"@id\":\"https:\\\/\\\/www.ecolenormalecortot.com\\\/en\\\/2023\\\/05\\\/29\\\/concours-de-fin-de-1er-2e-cycles-superieurs-et-artist-diploma-1ere-annee\\\/\",\"url\":\"https:\\\/\\\/www.ecolenormalecortot.com\\\/en\\\/2023\\\/05\\\/29\\\/concours-de-fin-de-1er-2e-cycles-superieurs-et-artist-diploma-1ere-annee\\\/\",\"name\":\"Concours de fin de 1er & 2e Cycles | Artist Diploma 1ere ann\u00e9e - Ecole Normale de Musique de Paris\",\"isPartOf\":{\"@id\":\"https:\\\/\\\/www.ecolenormalecortot.com\\\/en\\\/#website\"},\"primaryImageOfPage\":{\"@id\":\"https:\\\/\\\/www.ecolenormalecortot.com\\\/en\\\/2023\\\/05\\\/29\\\/concours-de-fin-de-1er-2e-cycles-superieurs-et-artist-diploma-1ere-annee\\\/#primaryimage\"},\"image\":{\"@id\":\"https:\\\/\\\/www.ecolenormalecortot.com\\\/en\\\/2023\\\/05\\\/29\\\/concours-de-fin-de-1er-2e-cycles-superieurs-et-artist-diploma-1ere-annee\\\/#primaryimage\"},\"thumbnailUrl\":\"https:\\\/\\\/www.ecolenormalecortot.com\\\/wp-content\\\/uploads\\\/2023\\\/05\\\/AUTRES-CONCOURS-general.jpg\",\"datePublished\":\"2023-05-29T14:32:19+00:00\",\"dateModified\":\"2023-05-29T14:35:38+00:00\",\"breadcrumb\":{\"@id\":\"https:\\\/\\\/www.ecolenormalecortot.com\\\/en\\\/2023\\\/05\\\/29\\\/concours-de-fin-de-1er-2e-cycles-superieurs-et-artist-diploma-1ere-annee\\\/#breadcrumb\"},\"inLanguage\":\"en-US\",\"potentialAction\":[{\"@type\":\"ReadAction\",\"target\":[\"https:\\\/\\\/www.ecolenormalecortot.com\\\/en\\\/2023\\\/05\\\/29\\\/concours-de-fin-de-1er-2e-cycles-superieurs-et-artist-diploma-1ere-annee\\\/\"]}]},{\"@type\":\"ImageObject\",\"inLanguage\":\"en-US\",\"@id\":\"https:\\\/\\\/www.ecolenormalecortot.com\\\/en\\\/2023\\\/05\\\/29\\\/concours-de-fin-de-1er-2e-cycles-superieurs-et-artist-diploma-1ere-annee\\\/#primaryimage\",\"url\":\"https:\\\/\\\/www.ecolenormalecortot.com\\\/wp-content\\\/uploads\\\/2023\\\/05\\\/AUTRES-CONCOURS-general.jpg\",\"contentUrl\":\"https:\\\/\\\/www.ecolenormalecortot.com\\\/wp-content\\\/uploads\\\/2023\\\/05\\\/AUTRES-CONCOURS-general.jpg\",\"width\":1600,\"height\":1080},{\"@type\":\"BreadcrumbList\",\"@id\":\"https:\\\/\\\/www.ecolenormalecortot.com\\\/en\\\/2023\\\/05\\\/29\\\/concours-de-fin-de-1er-2e-cycles-superieurs-et-artist-diploma-1ere-annee\\\/#breadcrumb\",\"itemListElement\":[{\"@type\":\"ListItem\",\"position\":1,\"name\":\"Accueil\",\"item\":\"https:\\\/\\\/www.ecolenormalecortot.com\\\/en\\\/\"},{\"@type\":\"ListItem\",\"position\":2,\"name\":\"Concours de fin de 1er &#038; 2e Cycles | Artist Diploma 1ere ann\u00e9e\"}]},{\"@type\":\"WebSite\",\"@id\":\"https:\\\/\\\/www.ecolenormalecortot.com\\\/en\\\/#website\",\"url\":\"https:\\\/\\\/www.ecolenormalecortot.com\\\/en\\\/\",\"name\":\"Ecole Normale de Musique de Paris\",\"description\":\"\",\"publisher\":{\"@id\":\"https:\\\/\\\/www.ecolenormalecortot.com\\\/en\\\/#organization\"},\"potentialAction\":[{\"@type\":\"SearchAction\",\"target\":{\"@type\":\"EntryPoint\",\"urlTemplate\":\"https:\\\/\\\/www.ecolenormalecortot.com\\\/en\\\/?s={search_term_string}\"},\"query-input\":{\"@type\":\"PropertyValueSpecification\",\"valueRequired\":true,\"valueName\":\"search_term_string\"}}],\"inLanguage\":\"en-US\"},{\"@type\":\"Organization\",\"@id\":\"https:\\\/\\\/www.ecolenormalecortot.com\\\/en\\\/#organization\",\"name\":\"Ecole Normale de Musique de Paris\",\"url\":\"https:\\\/\\\/www.ecolenormalecortot.com\\\/en\\\/\",\"logo\":{\"@type\":\"ImageObject\",\"inLanguage\":\"en-US\",\"@id\":\"https:\\\/\\\/www.ecolenormalecortot.com\\\/en\\\/#\\\/schema\\\/logo\\\/image\\\/\",\"url\":\"https:\\\/\\\/www.ecolenormalecortot.com\\\/wp-content\\\/uploads\\\/2023\\\/02\\\/android-chrome-512x512-1.png\",\"contentUrl\":\"https:\\\/\\\/www.ecolenormalecortot.com\\\/wp-content\\\/uploads\\\/2023\\\/02\\\/android-chrome-512x512-1.png\",\"width\":512,\"height\":512,\"caption\":\"Ecole Normale de Musique de Paris\"},\"image\":{\"@id\":\"https:\\\/\\\/www.ecolenormalecortot.com\\\/en\\\/#\\\/schema\\\/logo\\\/image\\\/\"}},{\"@type\":\"Person\",\"@id\":\"https:\\\/\\\/www.ecolenormalecortot.com\\\/en\\\/#\\\/schema\\\/person\\\/42380751a5c90cb2839e8c53fc903b5a\",\"name\":\"Cl\u00e9mence Guibout\",\"image\":{\"@type\":\"ImageObject\",\"inLanguage\":\"en-US\",\"@id\":\"https:\\\/\\\/secure.gravatar.com\\\/avatar\\\/73cf6e0f675ded519688ecf8dcc9cc0ef5c60952d7318d95fded7ef9d04066bd?s=96&d=mm&r=g\",\"url\":\"https:\\\/\\\/secure.gravatar.com\\\/avatar\\\/73cf6e0f675ded519688ecf8dcc9cc0ef5c60952d7318d95fded7ef9d04066bd?s=96&d=mm&r=g\",\"contentUrl\":\"https:\\\/\\\/secure.gravatar.com\\\/avatar\\\/73cf6e0f675ded519688ecf8dcc9cc0ef5c60952d7318d95fded7ef9d04066bd?s=96&d=mm&r=g\",\"caption\":\"Cl\u00e9mence Guibout\"}}]}<\/script>\n<!-- \/ Yoast SEO plugin. -->","yoast_head_json":{"title":"Concours de fin de 1er & 2e Cycles | Artist Diploma 1ere ann\u00e9e - Ecole Normale de Musique de Paris","robots":{"index":"index","follow":"follow","max-snippet":"max-snippet:-1","max-image-preview":"max-image-preview:large","max-video-preview":"max-video-preview:-1"},"canonical":"https:\/\/www.ecolenormalecortot.com\/en\/2023\/05\/29\/concours-de-fin-de-1er-2e-cycles-superieurs-et-artist-diploma-1ere-annee\/","og_locale":"en_US","og_type":"article","og_title":"Concours de fin de 1er & 2e Cycles | Artist Diploma 1ere ann\u00e9e - Ecole Normale de Musique de Paris","og_description":"Les \u00e9preuves des concours de fin de 1er et de 2\u00e8me Cycles Sup\u00e9rieurs ainsi que celles de l&#8217;Artist Diploma 1ere [&hellip;]","og_url":"https:\/\/www.ecolenormalecortot.com\/en\/2023\/05\/29\/concours-de-fin-de-1er-2e-cycles-superieurs-et-artist-diploma-1ere-annee\/","og_site_name":"Ecole Normale de Musique de Paris","article_published_time":"2023-05-29T14:32:19+00:00","article_modified_time":"2023-05-29T14:35:38+00:00","og_image":[{"width":1600,"height":1080,"url":"https:\/\/www.ecolenormalecortot.com\/wp-content\/uploads\/2023\/05\/AUTRES-CONCOURS-general.jpg","type":"image\/jpeg"}],"author":"Cl\u00e9mence Guibout","twitter_card":"summary_large_image","twitter_misc":{"Written by":"Cl\u00e9mence Guibout","Est. reading time":"2 minutes"},"schema":{"@context":"https:\/\/schema.org","@graph":[{"@type":"Article","@id":"https:\/\/www.ecolenormalecortot.com\/en\/2023\/05\/29\/concours-de-fin-de-1er-2e-cycles-superieurs-et-artist-diploma-1ere-annee\/#article","isPartOf":{"@id":"https:\/\/www.ecolenormalecortot.com\/en\/2023\/05\/29\/concours-de-fin-de-1er-2e-cycles-superieurs-et-artist-diploma-1ere-annee\/"},"author":{"name":"Cl\u00e9mence Guibout","@id":"https:\/\/www.ecolenormalecortot.com\/en\/#\/schema\/person\/42380751a5c90cb2839e8c53fc903b5a"},"headline":"Concours de fin de 1er &#038; 2e Cycles | Artist Diploma 1ere ann\u00e9e","datePublished":"2023-05-29T14:32:19+00:00","dateModified":"2023-05-29T14:35:38+00:00","mainEntityOfPage":{"@id":"https:\/\/www.ecolenormalecortot.com\/en\/2023\/05\/29\/concours-de-fin-de-1er-2e-cycles-superieurs-et-artist-diploma-1ere-annee\/"},"wordCount":184,"publisher":{"@id":"https:\/\/www.ecolenormalecortot.com\/en\/#organization"},"image":{"@id":"https:\/\/www.ecolenormalecortot.com\/en\/2023\/05\/29\/concours-de-fin-de-1er-2e-cycles-superieurs-et-artist-diploma-1ere-annee\/#primaryimage"},"thumbnailUrl":"https:\/\/www.ecolenormalecortot.com\/wp-content\/uploads\/2023\/05\/AUTRES-CONCOURS-general.jpg","articleSection":["Scolarit\u00e9"],"inLanguage":"en-US"},{"@type":"WebPage","@id":"https:\/\/www.ecolenormalecortot.com\/en\/2023\/05\/29\/concours-de-fin-de-1er-2e-cycles-superieurs-et-artist-diploma-1ere-annee\/","url":"https:\/\/www.ecolenormalecortot.com\/en\/2023\/05\/29\/concours-de-fin-de-1er-2e-cycles-superieurs-et-artist-diploma-1ere-annee\/","name":"Concours de fin de 1er & 2e Cycles | Artist Diploma 1ere ann\u00e9e - Ecole Normale de Musique de Paris","isPartOf":{"@id":"https:\/\/www.ecolenormalecortot.com\/en\/#website"},"primaryImageOfPage":{"@id":"https:\/\/www.ecolenormalecortot.com\/en\/2023\/05\/29\/concours-de-fin-de-1er-2e-cycles-superieurs-et-artist-diploma-1ere-annee\/#primaryimage"},"image":{"@id":"https:\/\/www.ecolenormalecortot.com\/en\/2023\/05\/29\/concours-de-fin-de-1er-2e-cycles-superieurs-et-artist-diploma-1ere-annee\/#primaryimage"},"thumbnailUrl":"https:\/\/www.ecolenormalecortot.com\/wp-content\/uploads\/2023\/05\/AUTRES-CONCOURS-general.jpg","datePublished":"2023-05-29T14:32:19+00:00","dateModified":"2023-05-29T14:35:38+00:00","breadcrumb":{"@id":"https:\/\/www.ecolenormalecortot.com\/en\/2023\/05\/29\/concours-de-fin-de-1er-2e-cycles-superieurs-et-artist-diploma-1ere-annee\/#breadcrumb"},"inLanguage":"en-US","potentialAction":[{"@type":"ReadAction","target":["https:\/\/www.ecolenormalecortot.com\/en\/2023\/05\/29\/concours-de-fin-de-1er-2e-cycles-superieurs-et-artist-diploma-1ere-annee\/"]}]},{"@type":"ImageObject","inLanguage":"en-US","@id":"https:\/\/www.ecolenormalecortot.com\/en\/2023\/05\/29\/concours-de-fin-de-1er-2e-cycles-superieurs-et-artist-diploma-1ere-annee\/#primaryimage","url":"https:\/\/www.ecolenormalecortot.com\/wp-content\/uploads\/2023\/05\/AUTRES-CONCOURS-general.jpg","contentUrl":"https:\/\/www.ecolenormalecortot.com\/wp-content\/uploads\/2023\/05\/AUTRES-CONCOURS-general.jpg","width":1600,"height":1080},{"@type":"BreadcrumbList","@id":"https:\/\/www.ecolenormalecortot.com\/en\/2023\/05\/29\/concours-de-fin-de-1er-2e-cycles-superieurs-et-artist-diploma-1ere-annee\/#breadcrumb","itemListElement":[{"@type":"ListItem","position":1,"name":"Accueil","item":"https:\/\/www.ecolenormalecortot.com\/en\/"},{"@type":"ListItem","position":2,"name":"Concours de fin de 1er &#038; 2e Cycles | Artist Diploma 1ere ann\u00e9e"}]},{"@type":"WebSite","@id":"https:\/\/www.ecolenormalecortot.com\/en\/#website","url":"https:\/\/www.ecolenormalecortot.com\/en\/","name":"Ecole Normale de Musique de Paris","description":"","publisher":{"@id":"https:\/\/www.ecolenormalecortot.com\/en\/#organization"},"potentialAction":[{"@type":"SearchAction","target":{"@type":"EntryPoint","urlTemplate":"https:\/\/www.ecolenormalecortot.com\/en\/?s={search_term_string}"},"query-input":{"@type":"PropertyValueSpecification","valueRequired":true,"valueName":"search_term_string"}}],"inLanguage":"en-US"},{"@type":"Organization","@id":"https:\/\/www.ecolenormalecortot.com\/en\/#organization","name":"Ecole Normale de Musique de Paris","url":"https:\/\/www.ecolenormalecortot.com\/en\/","logo":{"@type":"ImageObject","inLanguage":"en-US","@id":"https:\/\/www.ecolenormalecortot.com\/en\/#\/schema\/logo\/image\/","url":"https:\/\/www.ecolenormalecortot.com\/wp-content\/uploads\/2023\/02\/android-chrome-512x512-1.png","contentUrl":"https:\/\/www.ecolenormalecortot.com\/wp-content\/uploads\/2023\/02\/android-chrome-512x512-1.png","width":512,"height":512,"caption":"Ecole Normale de Musique de Paris"},"image":{"@id":"https:\/\/www.ecolenormalecortot.com\/en\/#\/schema\/logo\/image\/"}},{"@type":"Person","@id":"https:\/\/www.ecolenormalecortot.com\/en\/#\/schema\/person\/42380751a5c90cb2839e8c53fc903b5a","name":"Cl\u00e9mence Guibout","image":{"@type":"ImageObject","inLanguage":"en-US","@id":"https:\/\/secure.gravatar.com\/avatar\/73cf6e0f675ded519688ecf8dcc9cc0ef5c60952d7318d95fded7ef9d04066bd?s=96&d=mm&r=g","url":"https:\/\/secure.gravatar.com\/avatar\/73cf6e0f675ded519688ecf8dcc9cc0ef5c60952d7318d95fded7ef9d04066bd?s=96&d=mm&r=g","contentUrl":"https:\/\/secure.gravatar.com\/avatar\/73cf6e0f675ded519688ecf8dcc9cc0ef5c60952d7318d95fded7ef9d04066bd?s=96&d=mm&r=g","caption":"Cl\u00e9mence Guibout"}}]}},"_links":{"self":[{"href":"https:\/\/www.ecolenormalecortot.com\/en\/wp-json\/wp\/v2\/posts\/3689","targetHints":{"allow":["GET"]}}],"collection":[{"href":"https:\/\/www.ecolenormalecortot.com\/en\/wp-json\/wp\/v2\/posts"}],"about":[{"href":"https:\/\/www.ecolenormalecortot.com\/en\/wp-json\/wp\/v2\/types\/post"}],"author":[{"embeddable":true,"href":"https:\/\/www.ecolenormalecortot.com\/en\/wp-json\/wp\/v2\/users\/2"}],"replies":[{"embeddable":true,"href":"https:\/\/www.ecolenormalecortot.com\/en\/wp-json\/wp\/v2\/comments?post=3689"}],"version-history":[{"count":1,"href":"https:\/\/www.ecolenormalecortot.com\/en\/wp-json\/wp\/v2\/posts\/3689\/revisions"}],"predecessor-version":[{"id":3690,"href":"https:\/\/www.ecolenormalecortot.com\/en\/wp-json\/wp\/v2\/posts\/3689\/revisions\/3690"}],"wp:featuredmedia":[{"embeddable":true,"href":"https:\/\/www.ecolenormalecortot.com\/en\/wp-json\/wp\/v2\/media\/3676"}],"wp:attachment":[{"href":"https:\/\/www.ecolenormalecortot.com\/en\/wp-json\/wp\/v2\/media?parent=3689"}],"wp:term":[{"taxonomy":"category","embeddable":true,"href":"https:\/\/www.ecolenormalecortot.com\/en\/wp-json\/wp\/v2\/categories?post=3689"},{"taxonomy":"post_tag","embeddable":true,"href":"https:\/\/www.ecolenormalecortot.com\/en\/wp-json\/wp\/v2\/tags?post=3689"}],"curies":[{"name":"wp","href":"https:\/\/api.w.org\/{rel}","templated":true}]}}