{"id":243,"date":"2023-02-01T13:44:12","date_gmt":"2023-02-01T12:44:12","guid":{"rendered":"https:\/\/web.enmp.fr\/?p=243"},"modified":"2023-02-24T13:44:51","modified_gmt":"2023-02-24T12:44:51","slug":"ouverture-dune-nouvelle-classe-de-trombone","status":"publish","type":"post","link":"https:\/\/www.ecolenormalecortot.com\/en\/2023\/02\/01\/ouverture-dune-nouvelle-classe-de-trombone\/","title":{"rendered":"Ouverture d\u2019une nouvelle classe de trombone"},"content":{"rendered":"\n<p>L\u2019\u00c9cole Normale de Musique de Paris est heureuse d\u2019accueillir&nbsp;<strong>Jacques Mauger<\/strong>&nbsp;pour diriger cette nouvelle classe. Elle accueillera des \u00e9l\u00e8ves&nbsp;<strong>d\u00e8s la rentr\u00e9e 2021.<\/strong><\/p>\n\n\n\n<p>Apr\u00e8s avoir \u00e9t\u00e9 soliste de l\u2019Orchestre Philharmonique de Nice puis de l\u2019Orchestre de l\u2019Op\u00e9ra de Paris, Jacques Mauger m\u00e8ne une carri\u00e8re de concertiste international et n\u2019a de cesse de promouvoir le trombone comme v\u00e9ritable instrument soliste au m\u00eame titre que le violon ou le piano.<\/p>\n\n\n\n<p>Il contribue \u00e0 \u00e9largir le r\u00e9pertoire de son instrument, ainsi qu\u2019\u00e0 exporter la musique fran\u00e7aise \u00e0 l\u2019\u00e9tranger, par de nombreuses cr\u00e9ations, qui lui sont souvent d\u00e9dicac\u00e9es, avec diff\u00e9rentes formations et orchestres.<\/p>\n\n\n\n<p>En 2008, il int\u00e8gre la Maison Antoine Courtois Paris et participe au d\u00e9veloppement du nouveau Trombone mod\u00e8le AC440.<\/p>\n\n\n\n<p>Professeur \u00e0 la Haute \u00c9cole de Musique de Lausanne, Jacques Mauger donne \u00e9galement de nombreux cours d\u2019interpr\u00e9tation aussi bien en Europe qu\u2019aux \u00c9tats Unis et en Am\u00e9rique du Sud, mais aussi en Chine, au Japon, en Australie\u2026<\/p>\n\n\n\n<p>Il a enregistr\u00e9 une trentaine de CD en soliste, collabore, aux Editions Leduc,&nbsp; avec son ami Jean-Michel Defaye \u00e0 une collection litt\u00e9rature de son instrument et dirige une&nbsp; collection aux \u00e9ditions Arp\u00e8ges Paris.<\/p>\n\n\n\n<p>renseignements : secretariat.etudes@ecolenormalecortot.com<\/p>\n\n\n\n<p>plus d\u2019informations sur Jacques Mauger : cliquer&nbsp;<a href=\"http:\/\/www.ecolenormalecortot.com\/enseignants\/warnier-vincent-2\/\" target=\"_blank\" rel=\"noreferrer noopener\"><strong>ici<\/strong><\/a>.<\/p>\n","protected":false},"excerpt":{"rendered":"<p>L\u2019\u00c9cole Normale de Musique de Paris est heureuse d\u2019accueillir&nbsp;Jacques Mauger&nbsp;pour diriger cette nouvelle classe. Elle accueillera des \u00e9l\u00e8ves&nbsp;d\u00e8s la rentr\u00e9e [&hellip;]<\/p>\n","protected":false},"author":1,"featured_media":244,"comment_status":"closed","ping_status":"open","sticky":false,"template":"","format":"standard","meta":{"_acf_changed":false,"footnotes":""},"categories":[21],"tags":[],"class_list":["post-243","post","type-post","status-publish","format-standard","has-post-thumbnail","hentry","category-scolarite"],"acf":[],"yoast_head":"<!-- This site is optimized with the Yoast SEO plugin v27.5 - https:\/\/yoast.com\/product\/yoast-seo-wordpress\/ -->\n<title>Ouverture d\u2019une nouvelle classe de trombone - Ecole Normale de Musique de Paris<\/title>\n<meta name=\"robots\" content=\"index, follow, max-snippet:-1, max-image-preview:large, max-video-preview:-1\" \/>\n<link rel=\"canonical\" href=\"https:\/\/www.ecolenormalecortot.com\/en\/2023\/02\/01\/ouverture-dune-nouvelle-classe-de-trombone\/\" \/>\n<meta property=\"og:locale\" content=\"en_US\" \/>\n<meta property=\"og:type\" content=\"article\" \/>\n<meta property=\"og:title\" content=\"Ouverture d\u2019une nouvelle classe de trombone - Ecole Normale de Musique de Paris\" \/>\n<meta property=\"og:description\" content=\"L\u2019\u00c9cole Normale de Musique de Paris est heureuse d\u2019accueillir&nbsp;Jacques Mauger&nbsp;pour diriger cette nouvelle classe. Elle accueillera des \u00e9l\u00e8ves&nbsp;d\u00e8s la rentr\u00e9e [&hellip;]\" \/>\n<meta property=\"og:url\" content=\"https:\/\/www.ecolenormalecortot.com\/en\/2023\/02\/01\/ouverture-dune-nouvelle-classe-de-trombone\/\" \/>\n<meta property=\"og:site_name\" content=\"Ecole Normale de Musique de Paris\" \/>\n<meta property=\"article:published_time\" content=\"2023-02-01T12:44:12+00:00\" \/>\n<meta property=\"article:modified_time\" content=\"2023-02-24T12:44:51+00:00\" \/>\n<meta property=\"og:image\" content=\"https:\/\/www.ecolenormalecortot.com\/wp-content\/uploads\/2023\/02\/kazuo-ota-6f6qzSgSsLk-unsplash-1.jpg\" \/>\n\t<meta property=\"og:image:width\" content=\"1000\" \/>\n\t<meta property=\"og:image:height\" content=\"750\" \/>\n\t<meta property=\"og:image:type\" content=\"image\/jpeg\" \/>\n<meta name=\"author\" content=\"AdrienCortot\" \/>\n<meta name=\"twitter:card\" content=\"summary_large_image\" \/>\n<meta name=\"twitter:label1\" content=\"Written by\" \/>\n\t<meta name=\"twitter:data1\" content=\"AdrienCortot\" \/>\n\t<meta name=\"twitter:label2\" content=\"Est. reading time\" \/>\n\t<meta name=\"twitter:data2\" content=\"2 minutes\" \/>\n<script type=\"application\/ld+json\" class=\"yoast-schema-graph\">{\"@context\":\"https:\\\/\\\/schema.org\",\"@graph\":[{\"@type\":\"Article\",\"@id\":\"https:\\\/\\\/www.ecolenormalecortot.com\\\/en\\\/2023\\\/02\\\/01\\\/ouverture-dune-nouvelle-classe-de-trombone\\\/#article\",\"isPartOf\":{\"@id\":\"https:\\\/\\\/www.ecolenormalecortot.com\\\/en\\\/2023\\\/02\\\/01\\\/ouverture-dune-nouvelle-classe-de-trombone\\\/\"},\"author\":{\"name\":\"AdrienCortot\",\"@id\":\"https:\\\/\\\/www.ecolenormalecortot.com\\\/en\\\/#\\\/schema\\\/person\\\/70b7ed6bc14d2f46c5b2b215d8f355d7\"},\"headline\":\"Ouverture d\u2019une nouvelle classe de trombone\",\"datePublished\":\"2023-02-01T12:44:12+00:00\",\"dateModified\":\"2023-02-24T12:44:51+00:00\",\"mainEntityOfPage\":{\"@id\":\"https:\\\/\\\/www.ecolenormalecortot.com\\\/en\\\/2023\\\/02\\\/01\\\/ouverture-dune-nouvelle-classe-de-trombone\\\/\"},\"wordCount\":239,\"publisher\":{\"@id\":\"https:\\\/\\\/www.ecolenormalecortot.com\\\/en\\\/#organization\"},\"image\":{\"@id\":\"https:\\\/\\\/www.ecolenormalecortot.com\\\/en\\\/2023\\\/02\\\/01\\\/ouverture-dune-nouvelle-classe-de-trombone\\\/#primaryimage\"},\"thumbnailUrl\":\"https:\\\/\\\/www.ecolenormalecortot.com\\\/wp-content\\\/uploads\\\/2023\\\/02\\\/kazuo-ota-6f6qzSgSsLk-unsplash-1.jpg\",\"articleSection\":[\"Scolarit\u00e9\"],\"inLanguage\":\"en-US\"},{\"@type\":\"WebPage\",\"@id\":\"https:\\\/\\\/www.ecolenormalecortot.com\\\/en\\\/2023\\\/02\\\/01\\\/ouverture-dune-nouvelle-classe-de-trombone\\\/\",\"url\":\"https:\\\/\\\/www.ecolenormalecortot.com\\\/en\\\/2023\\\/02\\\/01\\\/ouverture-dune-nouvelle-classe-de-trombone\\\/\",\"name\":\"Ouverture d\u2019une nouvelle classe de trombone - Ecole Normale de Musique de Paris\",\"isPartOf\":{\"@id\":\"https:\\\/\\\/www.ecolenormalecortot.com\\\/en\\\/#website\"},\"primaryImageOfPage\":{\"@id\":\"https:\\\/\\\/www.ecolenormalecortot.com\\\/en\\\/2023\\\/02\\\/01\\\/ouverture-dune-nouvelle-classe-de-trombone\\\/#primaryimage\"},\"image\":{\"@id\":\"https:\\\/\\\/www.ecolenormalecortot.com\\\/en\\\/2023\\\/02\\\/01\\\/ouverture-dune-nouvelle-classe-de-trombone\\\/#primaryimage\"},\"thumbnailUrl\":\"https:\\\/\\\/www.ecolenormalecortot.com\\\/wp-content\\\/uploads\\\/2023\\\/02\\\/kazuo-ota-6f6qzSgSsLk-unsplash-1.jpg\",\"datePublished\":\"2023-02-01T12:44:12+00:00\",\"dateModified\":\"2023-02-24T12:44:51+00:00\",\"breadcrumb\":{\"@id\":\"https:\\\/\\\/www.ecolenormalecortot.com\\\/en\\\/2023\\\/02\\\/01\\\/ouverture-dune-nouvelle-classe-de-trombone\\\/#breadcrumb\"},\"inLanguage\":\"en-US\",\"potentialAction\":[{\"@type\":\"ReadAction\",\"target\":[\"https:\\\/\\\/www.ecolenormalecortot.com\\\/en\\\/2023\\\/02\\\/01\\\/ouverture-dune-nouvelle-classe-de-trombone\\\/\"]}]},{\"@type\":\"ImageObject\",\"inLanguage\":\"en-US\",\"@id\":\"https:\\\/\\\/www.ecolenormalecortot.com\\\/en\\\/2023\\\/02\\\/01\\\/ouverture-dune-nouvelle-classe-de-trombone\\\/#primaryimage\",\"url\":\"https:\\\/\\\/www.ecolenormalecortot.com\\\/wp-content\\\/uploads\\\/2023\\\/02\\\/kazuo-ota-6f6qzSgSsLk-unsplash-1.jpg\",\"contentUrl\":\"https:\\\/\\\/www.ecolenormalecortot.com\\\/wp-content\\\/uploads\\\/2023\\\/02\\\/kazuo-ota-6f6qzSgSsLk-unsplash-1.jpg\",\"width\":1000,\"height\":750},{\"@type\":\"BreadcrumbList\",\"@id\":\"https:\\\/\\\/www.ecolenormalecortot.com\\\/en\\\/2023\\\/02\\\/01\\\/ouverture-dune-nouvelle-classe-de-trombone\\\/#breadcrumb\",\"itemListElement\":[{\"@type\":\"ListItem\",\"position\":1,\"name\":\"Accueil\",\"item\":\"https:\\\/\\\/www.ecolenormalecortot.com\\\/en\\\/\"},{\"@type\":\"ListItem\",\"position\":2,\"name\":\"Ouverture d\u2019une nouvelle classe de trombone\"}]},{\"@type\":\"WebSite\",\"@id\":\"https:\\\/\\\/www.ecolenormalecortot.com\\\/en\\\/#website\",\"url\":\"https:\\\/\\\/www.ecolenormalecortot.com\\\/en\\\/\",\"name\":\"Ecole Normale de Musique de Paris\",\"description\":\"\",\"publisher\":{\"@id\":\"https:\\\/\\\/www.ecolenormalecortot.com\\\/en\\\/#organization\"},\"potentialAction\":[{\"@type\":\"SearchAction\",\"target\":{\"@type\":\"EntryPoint\",\"urlTemplate\":\"https:\\\/\\\/www.ecolenormalecortot.com\\\/en\\\/?s={search_term_string}\"},\"query-input\":{\"@type\":\"PropertyValueSpecification\",\"valueRequired\":true,\"valueName\":\"search_term_string\"}}],\"inLanguage\":\"en-US\"},{\"@type\":\"Organization\",\"@id\":\"https:\\\/\\\/www.ecolenormalecortot.com\\\/en\\\/#organization\",\"name\":\"Ecole Normale de Musique de Paris\",\"url\":\"https:\\\/\\\/www.ecolenormalecortot.com\\\/en\\\/\",\"logo\":{\"@type\":\"ImageObject\",\"inLanguage\":\"en-US\",\"@id\":\"https:\\\/\\\/www.ecolenormalecortot.com\\\/en\\\/#\\\/schema\\\/logo\\\/image\\\/\",\"url\":\"https:\\\/\\\/www.ecolenormalecortot.com\\\/wp-content\\\/uploads\\\/2023\\\/02\\\/android-chrome-512x512-1.png\",\"contentUrl\":\"https:\\\/\\\/www.ecolenormalecortot.com\\\/wp-content\\\/uploads\\\/2023\\\/02\\\/android-chrome-512x512-1.png\",\"width\":512,\"height\":512,\"caption\":\"Ecole Normale de Musique de Paris\"},\"image\":{\"@id\":\"https:\\\/\\\/www.ecolenormalecortot.com\\\/en\\\/#\\\/schema\\\/logo\\\/image\\\/\"}},{\"@type\":\"Person\",\"@id\":\"https:\\\/\\\/www.ecolenormalecortot.com\\\/en\\\/#\\\/schema\\\/person\\\/70b7ed6bc14d2f46c5b2b215d8f355d7\",\"name\":\"AdrienCortot\",\"image\":{\"@type\":\"ImageObject\",\"inLanguage\":\"en-US\",\"@id\":\"https:\\\/\\\/secure.gravatar.com\\\/avatar\\\/77d0ecb438fa81735223056a211be69bdd88951471ae3bdf271805657b4bac75?s=96&d=mm&r=g\",\"url\":\"https:\\\/\\\/secure.gravatar.com\\\/avatar\\\/77d0ecb438fa81735223056a211be69bdd88951471ae3bdf271805657b4bac75?s=96&d=mm&r=g\",\"contentUrl\":\"https:\\\/\\\/secure.gravatar.com\\\/avatar\\\/77d0ecb438fa81735223056a211be69bdd88951471ae3bdf271805657b4bac75?s=96&d=mm&r=g\",\"caption\":\"AdrienCortot\"},\"sameAs\":[\"https:\\\/\\\/www.ecolenormalecortot.com\"]}]}<\/script>\n<!-- \/ Yoast SEO plugin. -->","yoast_head_json":{"title":"Ouverture d\u2019une nouvelle classe de trombone - Ecole Normale de Musique de Paris","robots":{"index":"index","follow":"follow","max-snippet":"max-snippet:-1","max-image-preview":"max-image-preview:large","max-video-preview":"max-video-preview:-1"},"canonical":"https:\/\/www.ecolenormalecortot.com\/en\/2023\/02\/01\/ouverture-dune-nouvelle-classe-de-trombone\/","og_locale":"en_US","og_type":"article","og_title":"Ouverture d\u2019une nouvelle classe de trombone - Ecole Normale de Musique de Paris","og_description":"L\u2019\u00c9cole Normale de Musique de Paris est heureuse d\u2019accueillir&nbsp;Jacques Mauger&nbsp;pour diriger cette nouvelle classe. Elle accueillera des \u00e9l\u00e8ves&nbsp;d\u00e8s la rentr\u00e9e [&hellip;]","og_url":"https:\/\/www.ecolenormalecortot.com\/en\/2023\/02\/01\/ouverture-dune-nouvelle-classe-de-trombone\/","og_site_name":"Ecole Normale de Musique de Paris","article_published_time":"2023-02-01T12:44:12+00:00","article_modified_time":"2023-02-24T12:44:51+00:00","og_image":[{"width":1000,"height":750,"url":"https:\/\/www.ecolenormalecortot.com\/wp-content\/uploads\/2023\/02\/kazuo-ota-6f6qzSgSsLk-unsplash-1.jpg","type":"image\/jpeg"}],"author":"AdrienCortot","twitter_card":"summary_large_image","twitter_misc":{"Written by":"AdrienCortot","Est. reading time":"2 minutes"},"schema":{"@context":"https:\/\/schema.org","@graph":[{"@type":"Article","@id":"https:\/\/www.ecolenormalecortot.com\/en\/2023\/02\/01\/ouverture-dune-nouvelle-classe-de-trombone\/#article","isPartOf":{"@id":"https:\/\/www.ecolenormalecortot.com\/en\/2023\/02\/01\/ouverture-dune-nouvelle-classe-de-trombone\/"},"author":{"name":"AdrienCortot","@id":"https:\/\/www.ecolenormalecortot.com\/en\/#\/schema\/person\/70b7ed6bc14d2f46c5b2b215d8f355d7"},"headline":"Ouverture d\u2019une nouvelle classe de trombone","datePublished":"2023-02-01T12:44:12+00:00","dateModified":"2023-02-24T12:44:51+00:00","mainEntityOfPage":{"@id":"https:\/\/www.ecolenormalecortot.com\/en\/2023\/02\/01\/ouverture-dune-nouvelle-classe-de-trombone\/"},"wordCount":239,"publisher":{"@id":"https:\/\/www.ecolenormalecortot.com\/en\/#organization"},"image":{"@id":"https:\/\/www.ecolenormalecortot.com\/en\/2023\/02\/01\/ouverture-dune-nouvelle-classe-de-trombone\/#primaryimage"},"thumbnailUrl":"https:\/\/www.ecolenormalecortot.com\/wp-content\/uploads\/2023\/02\/kazuo-ota-6f6qzSgSsLk-unsplash-1.jpg","articleSection":["Scolarit\u00e9"],"inLanguage":"en-US"},{"@type":"WebPage","@id":"https:\/\/www.ecolenormalecortot.com\/en\/2023\/02\/01\/ouverture-dune-nouvelle-classe-de-trombone\/","url":"https:\/\/www.ecolenormalecortot.com\/en\/2023\/02\/01\/ouverture-dune-nouvelle-classe-de-trombone\/","name":"Ouverture d\u2019une nouvelle classe de trombone - Ecole Normale de Musique de Paris","isPartOf":{"@id":"https:\/\/www.ecolenormalecortot.com\/en\/#website"},"primaryImageOfPage":{"@id":"https:\/\/www.ecolenormalecortot.com\/en\/2023\/02\/01\/ouverture-dune-nouvelle-classe-de-trombone\/#primaryimage"},"image":{"@id":"https:\/\/www.ecolenormalecortot.com\/en\/2023\/02\/01\/ouverture-dune-nouvelle-classe-de-trombone\/#primaryimage"},"thumbnailUrl":"https:\/\/www.ecolenormalecortot.com\/wp-content\/uploads\/2023\/02\/kazuo-ota-6f6qzSgSsLk-unsplash-1.jpg","datePublished":"2023-02-01T12:44:12+00:00","dateModified":"2023-02-24T12:44:51+00:00","breadcrumb":{"@id":"https:\/\/www.ecolenormalecortot.com\/en\/2023\/02\/01\/ouverture-dune-nouvelle-classe-de-trombone\/#breadcrumb"},"inLanguage":"en-US","potentialAction":[{"@type":"ReadAction","target":["https:\/\/www.ecolenormalecortot.com\/en\/2023\/02\/01\/ouverture-dune-nouvelle-classe-de-trombone\/"]}]},{"@type":"ImageObject","inLanguage":"en-US","@id":"https:\/\/www.ecolenormalecortot.com\/en\/2023\/02\/01\/ouverture-dune-nouvelle-classe-de-trombone\/#primaryimage","url":"https:\/\/www.ecolenormalecortot.com\/wp-content\/uploads\/2023\/02\/kazuo-ota-6f6qzSgSsLk-unsplash-1.jpg","contentUrl":"https:\/\/www.ecolenormalecortot.com\/wp-content\/uploads\/2023\/02\/kazuo-ota-6f6qzSgSsLk-unsplash-1.jpg","width":1000,"height":750},{"@type":"BreadcrumbList","@id":"https:\/\/www.ecolenormalecortot.com\/en\/2023\/02\/01\/ouverture-dune-nouvelle-classe-de-trombone\/#breadcrumb","itemListElement":[{"@type":"ListItem","position":1,"name":"Accueil","item":"https:\/\/www.ecolenormalecortot.com\/en\/"},{"@type":"ListItem","position":2,"name":"Ouverture d\u2019une nouvelle classe de trombone"}]},{"@type":"WebSite","@id":"https:\/\/www.ecolenormalecortot.com\/en\/#website","url":"https:\/\/www.ecolenormalecortot.com\/en\/","name":"Ecole Normale de Musique de Paris","description":"","publisher":{"@id":"https:\/\/www.ecolenormalecortot.com\/en\/#organization"},"potentialAction":[{"@type":"SearchAction","target":{"@type":"EntryPoint","urlTemplate":"https:\/\/www.ecolenormalecortot.com\/en\/?s={search_term_string}"},"query-input":{"@type":"PropertyValueSpecification","valueRequired":true,"valueName":"search_term_string"}}],"inLanguage":"en-US"},{"@type":"Organization","@id":"https:\/\/www.ecolenormalecortot.com\/en\/#organization","name":"Ecole Normale de Musique de Paris","url":"https:\/\/www.ecolenormalecortot.com\/en\/","logo":{"@type":"ImageObject","inLanguage":"en-US","@id":"https:\/\/www.ecolenormalecortot.com\/en\/#\/schema\/logo\/image\/","url":"https:\/\/www.ecolenormalecortot.com\/wp-content\/uploads\/2023\/02\/android-chrome-512x512-1.png","contentUrl":"https:\/\/www.ecolenormalecortot.com\/wp-content\/uploads\/2023\/02\/android-chrome-512x512-1.png","width":512,"height":512,"caption":"Ecole Normale de Musique de Paris"},"image":{"@id":"https:\/\/www.ecolenormalecortot.com\/en\/#\/schema\/logo\/image\/"}},{"@type":"Person","@id":"https:\/\/www.ecolenormalecortot.com\/en\/#\/schema\/person\/70b7ed6bc14d2f46c5b2b215d8f355d7","name":"AdrienCortot","image":{"@type":"ImageObject","inLanguage":"en-US","@id":"https:\/\/secure.gravatar.com\/avatar\/77d0ecb438fa81735223056a211be69bdd88951471ae3bdf271805657b4bac75?s=96&d=mm&r=g","url":"https:\/\/secure.gravatar.com\/avatar\/77d0ecb438fa81735223056a211be69bdd88951471ae3bdf271805657b4bac75?s=96&d=mm&r=g","contentUrl":"https:\/\/secure.gravatar.com\/avatar\/77d0ecb438fa81735223056a211be69bdd88951471ae3bdf271805657b4bac75?s=96&d=mm&r=g","caption":"AdrienCortot"},"sameAs":["https:\/\/www.ecolenormalecortot.com"]}]}},"_links":{"self":[{"href":"https:\/\/www.ecolenormalecortot.com\/en\/wp-json\/wp\/v2\/posts\/243","targetHints":{"allow":["GET"]}}],"collection":[{"href":"https:\/\/www.ecolenormalecortot.com\/en\/wp-json\/wp\/v2\/posts"}],"about":[{"href":"https:\/\/www.ecolenormalecortot.com\/en\/wp-json\/wp\/v2\/types\/post"}],"author":[{"embeddable":true,"href":"https:\/\/www.ecolenormalecortot.com\/en\/wp-json\/wp\/v2\/users\/1"}],"replies":[{"embeddable":true,"href":"https:\/\/www.ecolenormalecortot.com\/en\/wp-json\/wp\/v2\/comments?post=243"}],"version-history":[{"count":1,"href":"https:\/\/www.ecolenormalecortot.com\/en\/wp-json\/wp\/v2\/posts\/243\/revisions"}],"predecessor-version":[{"id":246,"href":"https:\/\/www.ecolenormalecortot.com\/en\/wp-json\/wp\/v2\/posts\/243\/revisions\/246"}],"wp:featuredmedia":[{"embeddable":true,"href":"https:\/\/www.ecolenormalecortot.com\/en\/wp-json\/wp\/v2\/media\/244"}],"wp:attachment":[{"href":"https:\/\/www.ecolenormalecortot.com\/en\/wp-json\/wp\/v2\/media?parent=243"}],"wp:term":[{"taxonomy":"category","embeddable":true,"href":"https:\/\/www.ecolenormalecortot.com\/en\/wp-json\/wp\/v2\/categories?post=243"},{"taxonomy":"post_tag","embeddable":true,"href":"https:\/\/www.ecolenormalecortot.com\/en\/wp-json\/wp\/v2\/tags?post=243"}],"curies":[{"name":"wp","href":"https:\/\/api.w.org\/{rel}","templated":true}]}}