{"id":231,"date":"2023-02-05T13:35:47","date_gmt":"2023-02-05T12:35:47","guid":{"rendered":"https:\/\/web.enmp.fr\/?p=231"},"modified":"2023-02-24T13:36:09","modified_gmt":"2023-02-24T12:36:09","slug":"le-prix-cortot-2022-a-ete-attribue-a-ayame-ishise","status":"publish","type":"post","link":"https:\/\/www.ecolenormalecortot.com\/en\/2023\/02\/05\/le-prix-cortot-2022-a-ete-attribue-a-ayame-ishise\/","title":{"rendered":"Le Prix Cortot 2022 a \u00e9t\u00e9 attribu\u00e9 \u00e0 Ayame Ishise"},"content":{"rendered":"\n<p>\u00c0 l\u2019issue des \u00e9preuves du Dipl\u00f4me Sup\u00e9rieur de Concertiste de piano qui se sont d\u00e9roul\u00e9es le 16 et le 17 mai \u00e0 la Salle Cortot, le Prix Cortot 2022 a \u00e9t\u00e9 attribu\u00e9 \u00e0 Ayame Ishise (classe de Guigla Katsarava puis de Pascal Rog\u00e9).<\/p>\n\n\n\n<p>Le jury \u00e9tait pr\u00e9sid\u00e9 par Fabrice Gregorutti et compos\u00e9 de Dana Ciocarlie, C\u00e9lim\u00e8ne Daudet, Romain Descharmes et Alain Jacquon.<\/p>\n\n\n\n<h3 class=\"wp-block-heading\"><strong>Ayame Ishise<\/strong><\/h3>\n\n\n\n<p>Ayame Ishise, 28 ans, est n\u00e9e \u00e0 Toyama au Japon et s\u2019est form\u00e9e aupr\u00e8s de Mari Takeda, Naomi Ebihara, et Satoshi Gogami.<br>En 2017, apr\u00e8s ses \u00e9tudes \u00e0 la Tokyo University of Music, elle rejoint l\u2019\u00c9cole Normale de Musique de Paris pour y travailler avec Guigla Katsarava puis avec Pascal Rog\u00e9 en 2022.<br>Ayame Ishise a remport\u00e9 le Premier Prix au Concours Claude Kahn, au concours Les Cl\u00e9s d\u2019Or en 2019, puis le Deuxi\u00e8me Prix au Concours Albert Roussel qui s\u2019est tenu \u00e0 la salle Cortot en 2021.<br>Elle remporte en 2022 le Prix Cortot, en pr\u00e9sentant un programme Scriabine et Prokofiev.<\/p>\n","protected":false},"excerpt":{"rendered":"<p>\u00c0 l\u2019issue des \u00e9preuves du Dipl\u00f4me Sup\u00e9rieur de Concertiste de piano qui se sont d\u00e9roul\u00e9es le 16 et le 17 [&hellip;]<\/p>\n","protected":false},"author":1,"featured_media":232,"comment_status":"closed","ping_status":"open","sticky":false,"template":"","format":"standard","meta":{"_acf_changed":false,"footnotes":""},"categories":[21],"tags":[],"class_list":["post-231","post","type-post","status-publish","format-standard","has-post-thumbnail","hentry","category-scolarite"],"acf":[],"yoast_head":"<!-- This site is optimized with the Yoast SEO plugin v27.5 - https:\/\/yoast.com\/product\/yoast-seo-wordpress\/ -->\n<title>Le Prix Cortot 2022 a \u00e9t\u00e9 attribu\u00e9 \u00e0 Ayame Ishise - Ecole Normale de Musique de Paris<\/title>\n<meta name=\"robots\" content=\"index, follow, max-snippet:-1, max-image-preview:large, max-video-preview:-1\" \/>\n<link rel=\"canonical\" href=\"https:\/\/www.ecolenormalecortot.com\/en\/2023\/02\/05\/le-prix-cortot-2022-a-ete-attribue-a-ayame-ishise\/\" \/>\n<meta property=\"og:locale\" content=\"en_US\" \/>\n<meta property=\"og:type\" content=\"article\" \/>\n<meta property=\"og:title\" content=\"Le Prix Cortot 2022 a \u00e9t\u00e9 attribu\u00e9 \u00e0 Ayame Ishise - Ecole Normale de Musique de Paris\" \/>\n<meta property=\"og:description\" content=\"\u00c0 l\u2019issue des \u00e9preuves du Dipl\u00f4me Sup\u00e9rieur de Concertiste de piano qui se sont d\u00e9roul\u00e9es le 16 et le 17 [&hellip;]\" \/>\n<meta property=\"og:url\" content=\"https:\/\/www.ecolenormalecortot.com\/en\/2023\/02\/05\/le-prix-cortot-2022-a-ete-attribue-a-ayame-ishise\/\" \/>\n<meta property=\"og:site_name\" content=\"Ecole Normale de Musique de Paris\" \/>\n<meta property=\"article:published_time\" content=\"2023-02-05T12:35:47+00:00\" \/>\n<meta property=\"article:modified_time\" content=\"2023-02-24T12:36:09+00:00\" \/>\n<meta property=\"og:image\" content=\"https:\/\/www.ecolenormalecortot.com\/wp-content\/uploads\/2023\/02\/photo-ayame-Ishise-carre-624x624-1.jpg\" \/>\n\t<meta property=\"og:image:width\" content=\"624\" \/>\n\t<meta property=\"og:image:height\" content=\"624\" \/>\n\t<meta property=\"og:image:type\" content=\"image\/jpeg\" \/>\n<meta name=\"author\" content=\"AdrienCortot\" \/>\n<meta name=\"twitter:card\" content=\"summary_large_image\" \/>\n<meta name=\"twitter:label1\" content=\"Written by\" \/>\n\t<meta name=\"twitter:data1\" content=\"AdrienCortot\" \/>\n\t<meta name=\"twitter:label2\" content=\"Est. reading time\" \/>\n\t<meta name=\"twitter:data2\" content=\"1 minute\" \/>\n<script type=\"application\/ld+json\" class=\"yoast-schema-graph\">{\"@context\":\"https:\\\/\\\/schema.org\",\"@graph\":[{\"@type\":\"Article\",\"@id\":\"https:\\\/\\\/www.ecolenormalecortot.com\\\/en\\\/2023\\\/02\\\/05\\\/le-prix-cortot-2022-a-ete-attribue-a-ayame-ishise\\\/#article\",\"isPartOf\":{\"@id\":\"https:\\\/\\\/www.ecolenormalecortot.com\\\/en\\\/2023\\\/02\\\/05\\\/le-prix-cortot-2022-a-ete-attribue-a-ayame-ishise\\\/\"},\"author\":{\"name\":\"AdrienCortot\",\"@id\":\"https:\\\/\\\/www.ecolenormalecortot.com\\\/en\\\/#\\\/schema\\\/person\\\/70b7ed6bc14d2f46c5b2b215d8f355d7\"},\"headline\":\"Le Prix Cortot 2022 a \u00e9t\u00e9 attribu\u00e9 \u00e0 Ayame Ishise\",\"datePublished\":\"2023-02-05T12:35:47+00:00\",\"dateModified\":\"2023-02-24T12:36:09+00:00\",\"mainEntityOfPage\":{\"@id\":\"https:\\\/\\\/www.ecolenormalecortot.com\\\/en\\\/2023\\\/02\\\/05\\\/le-prix-cortot-2022-a-ete-attribue-a-ayame-ishise\\\/\"},\"wordCount\":178,\"publisher\":{\"@id\":\"https:\\\/\\\/www.ecolenormalecortot.com\\\/en\\\/#organization\"},\"image\":{\"@id\":\"https:\\\/\\\/www.ecolenormalecortot.com\\\/en\\\/2023\\\/02\\\/05\\\/le-prix-cortot-2022-a-ete-attribue-a-ayame-ishise\\\/#primaryimage\"},\"thumbnailUrl\":\"https:\\\/\\\/www.ecolenormalecortot.com\\\/wp-content\\\/uploads\\\/2023\\\/02\\\/photo-ayame-Ishise-carre-624x624-1.jpg\",\"articleSection\":[\"Scolarit\u00e9\"],\"inLanguage\":\"en-US\"},{\"@type\":\"WebPage\",\"@id\":\"https:\\\/\\\/www.ecolenormalecortot.com\\\/en\\\/2023\\\/02\\\/05\\\/le-prix-cortot-2022-a-ete-attribue-a-ayame-ishise\\\/\",\"url\":\"https:\\\/\\\/www.ecolenormalecortot.com\\\/en\\\/2023\\\/02\\\/05\\\/le-prix-cortot-2022-a-ete-attribue-a-ayame-ishise\\\/\",\"name\":\"Le Prix Cortot 2022 a \u00e9t\u00e9 attribu\u00e9 \u00e0 Ayame Ishise - Ecole Normale de Musique de Paris\",\"isPartOf\":{\"@id\":\"https:\\\/\\\/www.ecolenormalecortot.com\\\/en\\\/#website\"},\"primaryImageOfPage\":{\"@id\":\"https:\\\/\\\/www.ecolenormalecortot.com\\\/en\\\/2023\\\/02\\\/05\\\/le-prix-cortot-2022-a-ete-attribue-a-ayame-ishise\\\/#primaryimage\"},\"image\":{\"@id\":\"https:\\\/\\\/www.ecolenormalecortot.com\\\/en\\\/2023\\\/02\\\/05\\\/le-prix-cortot-2022-a-ete-attribue-a-ayame-ishise\\\/#primaryimage\"},\"thumbnailUrl\":\"https:\\\/\\\/www.ecolenormalecortot.com\\\/wp-content\\\/uploads\\\/2023\\\/02\\\/photo-ayame-Ishise-carre-624x624-1.jpg\",\"datePublished\":\"2023-02-05T12:35:47+00:00\",\"dateModified\":\"2023-02-24T12:36:09+00:00\",\"breadcrumb\":{\"@id\":\"https:\\\/\\\/www.ecolenormalecortot.com\\\/en\\\/2023\\\/02\\\/05\\\/le-prix-cortot-2022-a-ete-attribue-a-ayame-ishise\\\/#breadcrumb\"},\"inLanguage\":\"en-US\",\"potentialAction\":[{\"@type\":\"ReadAction\",\"target\":[\"https:\\\/\\\/www.ecolenormalecortot.com\\\/en\\\/2023\\\/02\\\/05\\\/le-prix-cortot-2022-a-ete-attribue-a-ayame-ishise\\\/\"]}]},{\"@type\":\"ImageObject\",\"inLanguage\":\"en-US\",\"@id\":\"https:\\\/\\\/www.ecolenormalecortot.com\\\/en\\\/2023\\\/02\\\/05\\\/le-prix-cortot-2022-a-ete-attribue-a-ayame-ishise\\\/#primaryimage\",\"url\":\"https:\\\/\\\/www.ecolenormalecortot.com\\\/wp-content\\\/uploads\\\/2023\\\/02\\\/photo-ayame-Ishise-carre-624x624-1.jpg\",\"contentUrl\":\"https:\\\/\\\/www.ecolenormalecortot.com\\\/wp-content\\\/uploads\\\/2023\\\/02\\\/photo-ayame-Ishise-carre-624x624-1.jpg\",\"width\":624,\"height\":624},{\"@type\":\"BreadcrumbList\",\"@id\":\"https:\\\/\\\/www.ecolenormalecortot.com\\\/en\\\/2023\\\/02\\\/05\\\/le-prix-cortot-2022-a-ete-attribue-a-ayame-ishise\\\/#breadcrumb\",\"itemListElement\":[{\"@type\":\"ListItem\",\"position\":1,\"name\":\"Accueil\",\"item\":\"https:\\\/\\\/www.ecolenormalecortot.com\\\/en\\\/\"},{\"@type\":\"ListItem\",\"position\":2,\"name\":\"Le Prix Cortot 2022 a \u00e9t\u00e9 attribu\u00e9 \u00e0 Ayame Ishise\"}]},{\"@type\":\"WebSite\",\"@id\":\"https:\\\/\\\/www.ecolenormalecortot.com\\\/en\\\/#website\",\"url\":\"https:\\\/\\\/www.ecolenormalecortot.com\\\/en\\\/\",\"name\":\"Ecole Normale de Musique de Paris\",\"description\":\"\",\"publisher\":{\"@id\":\"https:\\\/\\\/www.ecolenormalecortot.com\\\/en\\\/#organization\"},\"potentialAction\":[{\"@type\":\"SearchAction\",\"target\":{\"@type\":\"EntryPoint\",\"urlTemplate\":\"https:\\\/\\\/www.ecolenormalecortot.com\\\/en\\\/?s={search_term_string}\"},\"query-input\":{\"@type\":\"PropertyValueSpecification\",\"valueRequired\":true,\"valueName\":\"search_term_string\"}}],\"inLanguage\":\"en-US\"},{\"@type\":\"Organization\",\"@id\":\"https:\\\/\\\/www.ecolenormalecortot.com\\\/en\\\/#organization\",\"name\":\"Ecole Normale de Musique de Paris\",\"url\":\"https:\\\/\\\/www.ecolenormalecortot.com\\\/en\\\/\",\"logo\":{\"@type\":\"ImageObject\",\"inLanguage\":\"en-US\",\"@id\":\"https:\\\/\\\/www.ecolenormalecortot.com\\\/en\\\/#\\\/schema\\\/logo\\\/image\\\/\",\"url\":\"https:\\\/\\\/www.ecolenormalecortot.com\\\/wp-content\\\/uploads\\\/2023\\\/02\\\/android-chrome-512x512-1.png\",\"contentUrl\":\"https:\\\/\\\/www.ecolenormalecortot.com\\\/wp-content\\\/uploads\\\/2023\\\/02\\\/android-chrome-512x512-1.png\",\"width\":512,\"height\":512,\"caption\":\"Ecole Normale de Musique de Paris\"},\"image\":{\"@id\":\"https:\\\/\\\/www.ecolenormalecortot.com\\\/en\\\/#\\\/schema\\\/logo\\\/image\\\/\"}},{\"@type\":\"Person\",\"@id\":\"https:\\\/\\\/www.ecolenormalecortot.com\\\/en\\\/#\\\/schema\\\/person\\\/70b7ed6bc14d2f46c5b2b215d8f355d7\",\"name\":\"AdrienCortot\",\"image\":{\"@type\":\"ImageObject\",\"inLanguage\":\"en-US\",\"@id\":\"https:\\\/\\\/secure.gravatar.com\\\/avatar\\\/77d0ecb438fa81735223056a211be69bdd88951471ae3bdf271805657b4bac75?s=96&d=mm&r=g\",\"url\":\"https:\\\/\\\/secure.gravatar.com\\\/avatar\\\/77d0ecb438fa81735223056a211be69bdd88951471ae3bdf271805657b4bac75?s=96&d=mm&r=g\",\"contentUrl\":\"https:\\\/\\\/secure.gravatar.com\\\/avatar\\\/77d0ecb438fa81735223056a211be69bdd88951471ae3bdf271805657b4bac75?s=96&d=mm&r=g\",\"caption\":\"AdrienCortot\"},\"sameAs\":[\"https:\\\/\\\/www.ecolenormalecortot.com\"]}]}<\/script>\n<!-- \/ Yoast SEO plugin. -->","yoast_head_json":{"title":"Le Prix Cortot 2022 a \u00e9t\u00e9 attribu\u00e9 \u00e0 Ayame Ishise - Ecole Normale de Musique de Paris","robots":{"index":"index","follow":"follow","max-snippet":"max-snippet:-1","max-image-preview":"max-image-preview:large","max-video-preview":"max-video-preview:-1"},"canonical":"https:\/\/www.ecolenormalecortot.com\/en\/2023\/02\/05\/le-prix-cortot-2022-a-ete-attribue-a-ayame-ishise\/","og_locale":"en_US","og_type":"article","og_title":"Le Prix Cortot 2022 a \u00e9t\u00e9 attribu\u00e9 \u00e0 Ayame Ishise - Ecole Normale de Musique de Paris","og_description":"\u00c0 l\u2019issue des \u00e9preuves du Dipl\u00f4me Sup\u00e9rieur de Concertiste de piano qui se sont d\u00e9roul\u00e9es le 16 et le 17 [&hellip;]","og_url":"https:\/\/www.ecolenormalecortot.com\/en\/2023\/02\/05\/le-prix-cortot-2022-a-ete-attribue-a-ayame-ishise\/","og_site_name":"Ecole Normale de Musique de Paris","article_published_time":"2023-02-05T12:35:47+00:00","article_modified_time":"2023-02-24T12:36:09+00:00","og_image":[{"width":624,"height":624,"url":"https:\/\/www.ecolenormalecortot.com\/wp-content\/uploads\/2023\/02\/photo-ayame-Ishise-carre-624x624-1.jpg","type":"image\/jpeg"}],"author":"AdrienCortot","twitter_card":"summary_large_image","twitter_misc":{"Written by":"AdrienCortot","Est. reading time":"1 minute"},"schema":{"@context":"https:\/\/schema.org","@graph":[{"@type":"Article","@id":"https:\/\/www.ecolenormalecortot.com\/en\/2023\/02\/05\/le-prix-cortot-2022-a-ete-attribue-a-ayame-ishise\/#article","isPartOf":{"@id":"https:\/\/www.ecolenormalecortot.com\/en\/2023\/02\/05\/le-prix-cortot-2022-a-ete-attribue-a-ayame-ishise\/"},"author":{"name":"AdrienCortot","@id":"https:\/\/www.ecolenormalecortot.com\/en\/#\/schema\/person\/70b7ed6bc14d2f46c5b2b215d8f355d7"},"headline":"Le Prix Cortot 2022 a \u00e9t\u00e9 attribu\u00e9 \u00e0 Ayame Ishise","datePublished":"2023-02-05T12:35:47+00:00","dateModified":"2023-02-24T12:36:09+00:00","mainEntityOfPage":{"@id":"https:\/\/www.ecolenormalecortot.com\/en\/2023\/02\/05\/le-prix-cortot-2022-a-ete-attribue-a-ayame-ishise\/"},"wordCount":178,"publisher":{"@id":"https:\/\/www.ecolenormalecortot.com\/en\/#organization"},"image":{"@id":"https:\/\/www.ecolenormalecortot.com\/en\/2023\/02\/05\/le-prix-cortot-2022-a-ete-attribue-a-ayame-ishise\/#primaryimage"},"thumbnailUrl":"https:\/\/www.ecolenormalecortot.com\/wp-content\/uploads\/2023\/02\/photo-ayame-Ishise-carre-624x624-1.jpg","articleSection":["Scolarit\u00e9"],"inLanguage":"en-US"},{"@type":"WebPage","@id":"https:\/\/www.ecolenormalecortot.com\/en\/2023\/02\/05\/le-prix-cortot-2022-a-ete-attribue-a-ayame-ishise\/","url":"https:\/\/www.ecolenormalecortot.com\/en\/2023\/02\/05\/le-prix-cortot-2022-a-ete-attribue-a-ayame-ishise\/","name":"Le Prix Cortot 2022 a \u00e9t\u00e9 attribu\u00e9 \u00e0 Ayame Ishise - Ecole Normale de Musique de Paris","isPartOf":{"@id":"https:\/\/www.ecolenormalecortot.com\/en\/#website"},"primaryImageOfPage":{"@id":"https:\/\/www.ecolenormalecortot.com\/en\/2023\/02\/05\/le-prix-cortot-2022-a-ete-attribue-a-ayame-ishise\/#primaryimage"},"image":{"@id":"https:\/\/www.ecolenormalecortot.com\/en\/2023\/02\/05\/le-prix-cortot-2022-a-ete-attribue-a-ayame-ishise\/#primaryimage"},"thumbnailUrl":"https:\/\/www.ecolenormalecortot.com\/wp-content\/uploads\/2023\/02\/photo-ayame-Ishise-carre-624x624-1.jpg","datePublished":"2023-02-05T12:35:47+00:00","dateModified":"2023-02-24T12:36:09+00:00","breadcrumb":{"@id":"https:\/\/www.ecolenormalecortot.com\/en\/2023\/02\/05\/le-prix-cortot-2022-a-ete-attribue-a-ayame-ishise\/#breadcrumb"},"inLanguage":"en-US","potentialAction":[{"@type":"ReadAction","target":["https:\/\/www.ecolenormalecortot.com\/en\/2023\/02\/05\/le-prix-cortot-2022-a-ete-attribue-a-ayame-ishise\/"]}]},{"@type":"ImageObject","inLanguage":"en-US","@id":"https:\/\/www.ecolenormalecortot.com\/en\/2023\/02\/05\/le-prix-cortot-2022-a-ete-attribue-a-ayame-ishise\/#primaryimage","url":"https:\/\/www.ecolenormalecortot.com\/wp-content\/uploads\/2023\/02\/photo-ayame-Ishise-carre-624x624-1.jpg","contentUrl":"https:\/\/www.ecolenormalecortot.com\/wp-content\/uploads\/2023\/02\/photo-ayame-Ishise-carre-624x624-1.jpg","width":624,"height":624},{"@type":"BreadcrumbList","@id":"https:\/\/www.ecolenormalecortot.com\/en\/2023\/02\/05\/le-prix-cortot-2022-a-ete-attribue-a-ayame-ishise\/#breadcrumb","itemListElement":[{"@type":"ListItem","position":1,"name":"Accueil","item":"https:\/\/www.ecolenormalecortot.com\/en\/"},{"@type":"ListItem","position":2,"name":"Le Prix Cortot 2022 a \u00e9t\u00e9 attribu\u00e9 \u00e0 Ayame Ishise"}]},{"@type":"WebSite","@id":"https:\/\/www.ecolenormalecortot.com\/en\/#website","url":"https:\/\/www.ecolenormalecortot.com\/en\/","name":"Ecole Normale de Musique de Paris","description":"","publisher":{"@id":"https:\/\/www.ecolenormalecortot.com\/en\/#organization"},"potentialAction":[{"@type":"SearchAction","target":{"@type":"EntryPoint","urlTemplate":"https:\/\/www.ecolenormalecortot.com\/en\/?s={search_term_string}"},"query-input":{"@type":"PropertyValueSpecification","valueRequired":true,"valueName":"search_term_string"}}],"inLanguage":"en-US"},{"@type":"Organization","@id":"https:\/\/www.ecolenormalecortot.com\/en\/#organization","name":"Ecole Normale de Musique de Paris","url":"https:\/\/www.ecolenormalecortot.com\/en\/","logo":{"@type":"ImageObject","inLanguage":"en-US","@id":"https:\/\/www.ecolenormalecortot.com\/en\/#\/schema\/logo\/image\/","url":"https:\/\/www.ecolenormalecortot.com\/wp-content\/uploads\/2023\/02\/android-chrome-512x512-1.png","contentUrl":"https:\/\/www.ecolenormalecortot.com\/wp-content\/uploads\/2023\/02\/android-chrome-512x512-1.png","width":512,"height":512,"caption":"Ecole Normale de Musique de Paris"},"image":{"@id":"https:\/\/www.ecolenormalecortot.com\/en\/#\/schema\/logo\/image\/"}},{"@type":"Person","@id":"https:\/\/www.ecolenormalecortot.com\/en\/#\/schema\/person\/70b7ed6bc14d2f46c5b2b215d8f355d7","name":"AdrienCortot","image":{"@type":"ImageObject","inLanguage":"en-US","@id":"https:\/\/secure.gravatar.com\/avatar\/77d0ecb438fa81735223056a211be69bdd88951471ae3bdf271805657b4bac75?s=96&d=mm&r=g","url":"https:\/\/secure.gravatar.com\/avatar\/77d0ecb438fa81735223056a211be69bdd88951471ae3bdf271805657b4bac75?s=96&d=mm&r=g","contentUrl":"https:\/\/secure.gravatar.com\/avatar\/77d0ecb438fa81735223056a211be69bdd88951471ae3bdf271805657b4bac75?s=96&d=mm&r=g","caption":"AdrienCortot"},"sameAs":["https:\/\/www.ecolenormalecortot.com"]}]}},"_links":{"self":[{"href":"https:\/\/www.ecolenormalecortot.com\/en\/wp-json\/wp\/v2\/posts\/231","targetHints":{"allow":["GET"]}}],"collection":[{"href":"https:\/\/www.ecolenormalecortot.com\/en\/wp-json\/wp\/v2\/posts"}],"about":[{"href":"https:\/\/www.ecolenormalecortot.com\/en\/wp-json\/wp\/v2\/types\/post"}],"author":[{"embeddable":true,"href":"https:\/\/www.ecolenormalecortot.com\/en\/wp-json\/wp\/v2\/users\/1"}],"replies":[{"embeddable":true,"href":"https:\/\/www.ecolenormalecortot.com\/en\/wp-json\/wp\/v2\/comments?post=231"}],"version-history":[{"count":1,"href":"https:\/\/www.ecolenormalecortot.com\/en\/wp-json\/wp\/v2\/posts\/231\/revisions"}],"predecessor-version":[{"id":234,"href":"https:\/\/www.ecolenormalecortot.com\/en\/wp-json\/wp\/v2\/posts\/231\/revisions\/234"}],"wp:featuredmedia":[{"embeddable":true,"href":"https:\/\/www.ecolenormalecortot.com\/en\/wp-json\/wp\/v2\/media\/232"}],"wp:attachment":[{"href":"https:\/\/www.ecolenormalecortot.com\/en\/wp-json\/wp\/v2\/media?parent=231"}],"wp:term":[{"taxonomy":"category","embeddable":true,"href":"https:\/\/www.ecolenormalecortot.com\/en\/wp-json\/wp\/v2\/categories?post=231"},{"taxonomy":"post_tag","embeddable":true,"href":"https:\/\/www.ecolenormalecortot.com\/en\/wp-json\/wp\/v2\/tags?post=231"}],"curies":[{"name":"wp","href":"https:\/\/api.w.org\/{rel}","templated":true}]}}