{"id":13483,"date":"2026-09-01T15:04:00","date_gmt":"2026-09-01T13:04:00","guid":{"rendered":"https:\/\/www.ecolenormalecortot.com\/?p=13483"},"modified":"2026-09-01T15:10:54","modified_gmt":"2026-09-01T13:10:54","slug":"audition-3e-edition-du-gala-de-la-voix","status":"publish","type":"post","link":"https:\/\/www.ecolenormalecortot.com\/en\/2026\/09\/01\/audition-3e-edition-du-gala-de-la-voix\/","title":{"rendered":"Audition &#8211; 3e \u00e9dition du Gala de la Voix"},"content":{"rendered":"\n<p class=\"wp-block-paragraph\">Chers \u00e9l\u00e8ves, chers professeurs,<\/p>\n\n\n\n<p class=\"wp-block-paragraph\">Apr\u00e8s le succ\u00e8s des deux premi\u00e8res \u00e9ditions, le&nbsp;<strong>Gala&nbsp;de la Voix<\/strong>&nbsp;revient le&nbsp;<strong>7 janvier 2027<\/strong>&nbsp;\u00e0 la Salle Cortot pour une troisi\u00e8me \u00e9dition autour du th\u00e8me \u00ab La Femme \u00bb, et sous la direction artistique de Jeff Cohen.<\/p>\n\n\n\n<p class=\"wp-block-paragraph\"><strong>Pour candidater \u00e0 l\u2019audition du mercredi 28 octobre (salle Cortot 13h-17h)&nbsp;<\/strong>:&nbsp;<a href=\"https:\/\/forms.gle\/tJQBVMttNeyWpfqt8\" target=\"_blank\" rel=\"noopener\">https:\/\/forms.gle\/tJQBVMttNeyWpfqt8<\/a><\/p>\n\n\n\n<p class=\"wp-block-paragraph\">DATE LIMITE DE CANDIDATURE : 14 OCTOBRE 2026<\/p>\n\n\n\n<p class=\"wp-block-paragraph\"><strong>Conditions de participation :<\/strong><br>L\u2019audition est ouverte aux chanteuses et chanteurs de l\u2019\u00c9cole r\u00e9pondant \u00e0 l\u2019un des crit\u00e8res suivants (et \u00e0 l\u2019exception des laur\u00e9ats des \u00e9ditions pr\u00e9c\u00e9dentes) :<\/p>\n\n\n\n<p class=\"wp-block-paragraph\">\u2013 \u00catre dipl\u00f4m\u00e9(e) de l\u2019Artist Diploma de chant en 2024-2025 ou 2025-2026 ;<br>\u2013 \u00catre inscrit(e) en Artist Diploma en 2026-2027 ;<br>\u2013 \u00catre inscrit(e) en classe de perfectionnement en 2026-2027 ;<br>\u2013 \u00catre membre du Programme \u00c9lite en 2025-2026 ou 2026-2027.<\/p>\n\n\n\n<p class=\"wp-block-paragraph\"><strong>Modalit\u00e9s de l\u2019audition* :<\/strong><br>Les candidats devront pr\u00e9senter deux airs en lien avec le th\u00e8me de cette \u00e9dition, pour une dur\u00e9e totale de 10 minutes maximum. \u00c0 titre indicatif, vous trouverez en pi\u00e8ce jointe une liste non exhaustive d\u2019Op\u00e9ras. Cette liste est donn\u00e9e \u00e0 titre d\u2019exemple et n\u2019est en aucun cas limitative. Par ailleurs, le programme pr\u00e9sent\u00e9 lors de l\u2019audition ne devra pas n\u00e9cessairement \u00eatre identique \u00e0 celui qui sera interpr\u00e9t\u00e9 lors du&nbsp;Gala.<\/p>\n\n\n\n<p class=\"wp-block-paragraph\"><strong>\u26a0\ufe0f<\/strong><strong>Engagement des candidats s\u00e9lectionn\u00e9s&nbsp;<\/strong>\u26a0\ufe0f<\/p>\n\n\n\n<p class=\"wp-block-paragraph\">Les candidats retenus s\u2019engagent \u00e0 \u00eatre imp\u00e9rativement disponibles pour l\u2019ensemble des r\u00e9p\u00e9titions et des s\u00e9ances de coaching, dont le calendrier est joint au pr\u00e9sent mail et d\u00e9taill\u00e9 dans le formulaire de candidature. Seule une date pr\u00e9vue fin novembre reste \u00e0 confirmer et sera communiqu\u00e9e avant les auditions.<\/p>\n\n\n\n<p class=\"wp-block-paragraph\"><em>* Selon le nombre de candidatures re\u00e7ues, une pr\u00e9s\u00e9lection sur dossier pourra \u00eatre organis\u00e9e. Les candidats seront inform\u00e9s de leur \u00e9ventuelle s\u00e9lection ainsi que de l\u2019horaire de passage entre le 20 et le 25 octobre.<\/em><\/p>\n\n\n\n<p class=\"wp-block-paragraph\">Nous esp\u00e9rons recevoir de nombreuses candidatures et faire de cette troisi\u00e8me \u00e9dition un nouveau temps fort de l&#8217;\u00c9cole.<\/p>\n\n\n\n<p class=\"wp-block-paragraph\">L&#8217;\u00c9cole Normale de Musique de Paris<\/p>\n\n\n\n<p class=\"wp-block-paragraph\"><\/p>\n","protected":false},"excerpt":{"rendered":"<p>Chers \u00e9l\u00e8ves, chers professeurs, Apr\u00e8s le succ\u00e8s des deux premi\u00e8res \u00e9ditions, le&nbsp;Gala&nbsp;de la Voix&nbsp;revient le&nbsp;7 janvier 2027&nbsp;\u00e0 la Salle Cortot [&hellip;]<\/p>\n","protected":false},"author":3,"featured_media":13489,"comment_status":"closed","ping_status":"open","sticky":false,"template":"","format":"standard","meta":{"_acf_changed":false,"footnotes":""},"categories":[21],"tags":[],"class_list":["post-13483","post","type-post","status-publish","format-standard","has-post-thumbnail","hentry","category-scolarite"],"acf":[],"yoast_head":"<!-- This site is optimized with the Yoast SEO plugin v28.4 - https:\/\/yoast.com\/product\/yoast-seo-wordpress\/ -->\n<title>Audition - 3e \u00e9dition du Gala de la Voix - Ecole Normale de Musique de Paris<\/title>\n<meta name=\"robots\" content=\"index, follow, max-snippet:-1, max-image-preview:large, max-video-preview:-1\" \/>\n<link rel=\"canonical\" href=\"https:\/\/www.ecolenormalecortot.com\/en\/2026\/09\/01\/audition-3e-edition-du-gala-de-la-voix\/\" \/>\n<meta property=\"og:locale\" content=\"en_US\" \/>\n<meta property=\"og:type\" content=\"article\" \/>\n<meta property=\"og:title\" content=\"Audition - 3e \u00e9dition du Gala de la Voix - Ecole Normale de Musique de Paris\" \/>\n<meta property=\"og:description\" content=\"Chers \u00e9l\u00e8ves, chers professeurs, Apr\u00e8s le succ\u00e8s des deux premi\u00e8res \u00e9ditions, le&nbsp;Gala&nbsp;de la Voix&nbsp;revient le&nbsp;7 janvier 2027&nbsp;\u00e0 la Salle Cortot [&hellip;]\" \/>\n<meta property=\"og:url\" content=\"https:\/\/www.ecolenormalecortot.com\/en\/2026\/09\/01\/audition-3e-edition-du-gala-de-la-voix\/\" \/>\n<meta property=\"og:site_name\" content=\"Ecole Normale de Musique de Paris\" \/>\n<meta property=\"article:published_time\" content=\"2026-09-01T13:04:00+00:00\" \/>\n<meta property=\"article:modified_time\" content=\"2026-09-01T13:10:54+00:00\" \/>\n<meta property=\"og:image\" content=\"https:\/\/www.ecolenormalecortot.com\/wp-content\/uploads\/2026\/09\/Design-sans-titre-7-1024x724.png\" \/>\n\t<meta property=\"og:image:width\" content=\"1024\" \/>\n\t<meta property=\"og:image:height\" content=\"724\" \/>\n\t<meta property=\"og:image:type\" content=\"image\/png\" \/>\n<meta name=\"author\" content=\"Murielle Hurel\" \/>\n<meta name=\"twitter:card\" content=\"summary_large_image\" \/>\n<meta name=\"twitter:label1\" content=\"Written by\" \/>\n\t<meta name=\"twitter:data1\" content=\"Murielle Hurel\" \/>\n\t<meta name=\"twitter:label2\" content=\"Est. reading time\" \/>\n\t<meta name=\"twitter:data2\" content=\"2 minutes\" \/>\n<script type=\"application\/ld+json\" class=\"yoast-schema-graph\">{\"@context\":\"https:\\\/\\\/schema.org\",\"@graph\":[{\"@type\":\"Article\",\"@id\":\"https:\\\/\\\/www.ecolenormalecortot.com\\\/en\\\/2026\\\/09\\\/01\\\/audition-3e-edition-du-gala-de-la-voix\\\/#article\",\"isPartOf\":{\"@id\":\"https:\\\/\\\/www.ecolenormalecortot.com\\\/en\\\/2026\\\/09\\\/01\\\/audition-3e-edition-du-gala-de-la-voix\\\/\"},\"author\":{\"name\":\"Murielle Hurel\",\"@id\":\"https:\\\/\\\/www.ecolenormalecortot.com\\\/en\\\/#\\\/schema\\\/person\\\/396244d0b754aa17dc7d8312e325f5a9\"},\"headline\":\"Audition &#8211; 3e \u00e9dition du Gala de la Voix\",\"datePublished\":\"2026-09-01T13:04:00+00:00\",\"dateModified\":\"2026-09-01T13:10:54+00:00\",\"mainEntityOfPage\":{\"@id\":\"https:\\\/\\\/www.ecolenormalecortot.com\\\/en\\\/2026\\\/09\\\/01\\\/audition-3e-edition-du-gala-de-la-voix\\\/\"},\"wordCount\":368,\"publisher\":{\"@id\":\"https:\\\/\\\/www.ecolenormalecortot.com\\\/en\\\/#organization\"},\"image\":{\"@id\":\"https:\\\/\\\/www.ecolenormalecortot.com\\\/en\\\/2026\\\/09\\\/01\\\/audition-3e-edition-du-gala-de-la-voix\\\/#primaryimage\"},\"thumbnailUrl\":\"https:\\\/\\\/www.ecolenormalecortot.com\\\/wp-content\\\/uploads\\\/2026\\\/09\\\/Design-sans-titre-7.png\",\"articleSection\":[\"Scolarit\u00e9\"],\"inLanguage\":\"en-US\"},{\"@type\":\"WebPage\",\"@id\":\"https:\\\/\\\/www.ecolenormalecortot.com\\\/en\\\/2026\\\/09\\\/01\\\/audition-3e-edition-du-gala-de-la-voix\\\/\",\"url\":\"https:\\\/\\\/www.ecolenormalecortot.com\\\/en\\\/2026\\\/09\\\/01\\\/audition-3e-edition-du-gala-de-la-voix\\\/\",\"name\":\"Audition - 3e \u00e9dition du Gala de la Voix - Ecole Normale de Musique de Paris\",\"isPartOf\":{\"@id\":\"https:\\\/\\\/www.ecolenormalecortot.com\\\/en\\\/#website\"},\"primaryImageOfPage\":{\"@id\":\"https:\\\/\\\/www.ecolenormalecortot.com\\\/en\\\/2026\\\/09\\\/01\\\/audition-3e-edition-du-gala-de-la-voix\\\/#primaryimage\"},\"image\":{\"@id\":\"https:\\\/\\\/www.ecolenormalecortot.com\\\/en\\\/2026\\\/09\\\/01\\\/audition-3e-edition-du-gala-de-la-voix\\\/#primaryimage\"},\"thumbnailUrl\":\"https:\\\/\\\/www.ecolenormalecortot.com\\\/wp-content\\\/uploads\\\/2026\\\/09\\\/Design-sans-titre-7.png\",\"datePublished\":\"2026-09-01T13:04:00+00:00\",\"dateModified\":\"2026-09-01T13:10:54+00:00\",\"breadcrumb\":{\"@id\":\"https:\\\/\\\/www.ecolenormalecortot.com\\\/en\\\/2026\\\/09\\\/01\\\/audition-3e-edition-du-gala-de-la-voix\\\/#breadcrumb\"},\"inLanguage\":\"en-US\",\"potentialAction\":[{\"@type\":\"ReadAction\",\"target\":[\"https:\\\/\\\/www.ecolenormalecortot.com\\\/en\\\/2026\\\/09\\\/01\\\/audition-3e-edition-du-gala-de-la-voix\\\/\"]}]},{\"@type\":\"ImageObject\",\"inLanguage\":\"en-US\",\"@id\":\"https:\\\/\\\/www.ecolenormalecortot.com\\\/en\\\/2026\\\/09\\\/01\\\/audition-3e-edition-du-gala-de-la-voix\\\/#primaryimage\",\"url\":\"https:\\\/\\\/www.ecolenormalecortot.com\\\/wp-content\\\/uploads\\\/2026\\\/09\\\/Design-sans-titre-7.png\",\"contentUrl\":\"https:\\\/\\\/www.ecolenormalecortot.com\\\/wp-content\\\/uploads\\\/2026\\\/09\\\/Design-sans-titre-7.png\",\"width\":2000,\"height\":1414},{\"@type\":\"BreadcrumbList\",\"@id\":\"https:\\\/\\\/www.ecolenormalecortot.com\\\/en\\\/2026\\\/09\\\/01\\\/audition-3e-edition-du-gala-de-la-voix\\\/#breadcrumb\",\"itemListElement\":[{\"@type\":\"ListItem\",\"position\":1,\"name\":\"Accueil\",\"item\":\"https:\\\/\\\/www.ecolenormalecortot.com\\\/en\\\/\"},{\"@type\":\"ListItem\",\"position\":2,\"name\":\"Audition &#8211; 3e \u00e9dition du Gala de la Voix\"}]},{\"@type\":\"WebSite\",\"@id\":\"https:\\\/\\\/www.ecolenormalecortot.com\\\/en\\\/#website\",\"url\":\"https:\\\/\\\/www.ecolenormalecortot.com\\\/en\\\/\",\"name\":\"Ecole Normale de Musique de Paris\",\"description\":\"\",\"publisher\":{\"@id\":\"https:\\\/\\\/www.ecolenormalecortot.com\\\/en\\\/#organization\"},\"potentialAction\":[{\"@type\":\"SearchAction\",\"target\":{\"@type\":\"EntryPoint\",\"urlTemplate\":\"https:\\\/\\\/www.ecolenormalecortot.com\\\/en\\\/?s={search_term_string}\"},\"query-input\":{\"@type\":\"PropertyValueSpecification\",\"valueRequired\":true,\"valueName\":\"search_term_string\"}}],\"inLanguage\":\"en-US\"},{\"@type\":\"Organization\",\"@id\":\"https:\\\/\\\/www.ecolenormalecortot.com\\\/en\\\/#organization\",\"name\":\"Ecole Normale de Musique de Paris\",\"url\":\"https:\\\/\\\/www.ecolenormalecortot.com\\\/en\\\/\",\"logo\":{\"@type\":\"ImageObject\",\"inLanguage\":\"en-US\",\"@id\":\"https:\\\/\\\/www.ecolenormalecortot.com\\\/en\\\/#\\\/schema\\\/logo\\\/image\\\/\",\"url\":\"https:\\\/\\\/www.ecolenormalecortot.com\\\/wp-content\\\/uploads\\\/2023\\\/02\\\/android-chrome-512x512-1.png\",\"contentUrl\":\"https:\\\/\\\/www.ecolenormalecortot.com\\\/wp-content\\\/uploads\\\/2023\\\/02\\\/android-chrome-512x512-1.png\",\"width\":512,\"height\":512,\"caption\":\"Ecole Normale de Musique de Paris\"},\"image\":{\"@id\":\"https:\\\/\\\/www.ecolenormalecortot.com\\\/en\\\/#\\\/schema\\\/logo\\\/image\\\/\"}},{\"@type\":\"Person\",\"@id\":\"https:\\\/\\\/www.ecolenormalecortot.com\\\/en\\\/#\\\/schema\\\/person\\\/396244d0b754aa17dc7d8312e325f5a9\",\"name\":\"Murielle Hurel\",\"image\":{\"@type\":\"ImageObject\",\"inLanguage\":\"en-US\",\"@id\":\"https:\\\/\\\/secure.gravatar.com\\\/avatar\\\/e6c8150d4c3fd6323650f92df1f38ac4a322f2538cf41823b04283ae52792e8a?s=96&d=mm&r=g\",\"url\":\"https:\\\/\\\/secure.gravatar.com\\\/avatar\\\/e6c8150d4c3fd6323650f92df1f38ac4a322f2538cf41823b04283ae52792e8a?s=96&d=mm&r=g\",\"contentUrl\":\"https:\\\/\\\/secure.gravatar.com\\\/avatar\\\/e6c8150d4c3fd6323650f92df1f38ac4a322f2538cf41823b04283ae52792e8a?s=96&d=mm&r=g\",\"caption\":\"Murielle Hurel\"}}]}<\/script>\n<!-- \/ Yoast SEO plugin. -->","yoast_head_json":{"title":"Audition - 3e \u00e9dition du Gala de la Voix - Ecole Normale de Musique de Paris","robots":{"index":"index","follow":"follow","max-snippet":"max-snippet:-1","max-image-preview":"max-image-preview:large","max-video-preview":"max-video-preview:-1"},"canonical":"https:\/\/www.ecolenormalecortot.com\/en\/2026\/09\/01\/audition-3e-edition-du-gala-de-la-voix\/","og_locale":"en_US","og_type":"article","og_title":"Audition - 3e \u00e9dition du Gala de la Voix - Ecole Normale de Musique de Paris","og_description":"Chers \u00e9l\u00e8ves, chers professeurs, Apr\u00e8s le succ\u00e8s des deux premi\u00e8res \u00e9ditions, le&nbsp;Gala&nbsp;de la Voix&nbsp;revient le&nbsp;7 janvier 2027&nbsp;\u00e0 la Salle Cortot [&hellip;]","og_url":"https:\/\/www.ecolenormalecortot.com\/en\/2026\/09\/01\/audition-3e-edition-du-gala-de-la-voix\/","og_site_name":"Ecole Normale de Musique de Paris","article_published_time":"2026-09-01T13:04:00+00:00","article_modified_time":"2026-09-01T13:10:54+00:00","og_image":[{"width":1024,"height":724,"url":"https:\/\/www.ecolenormalecortot.com\/wp-content\/uploads\/2026\/09\/Design-sans-titre-7-1024x724.png","type":"image\/png"}],"author":"Murielle Hurel","twitter_card":"summary_large_image","twitter_misc":{"Written by":"Murielle Hurel","Est. reading time":"2 minutes"},"schema":{"@context":"https:\/\/schema.org","@graph":[{"@type":"Article","@id":"https:\/\/www.ecolenormalecortot.com\/en\/2026\/09\/01\/audition-3e-edition-du-gala-de-la-voix\/#article","isPartOf":{"@id":"https:\/\/www.ecolenormalecortot.com\/en\/2026\/09\/01\/audition-3e-edition-du-gala-de-la-voix\/"},"author":{"name":"Murielle Hurel","@id":"https:\/\/www.ecolenormalecortot.com\/en\/#\/schema\/person\/396244d0b754aa17dc7d8312e325f5a9"},"headline":"Audition &#8211; 3e \u00e9dition du Gala de la Voix","datePublished":"2026-09-01T13:04:00+00:00","dateModified":"2026-09-01T13:10:54+00:00","mainEntityOfPage":{"@id":"https:\/\/www.ecolenormalecortot.com\/en\/2026\/09\/01\/audition-3e-edition-du-gala-de-la-voix\/"},"wordCount":368,"publisher":{"@id":"https:\/\/www.ecolenormalecortot.com\/en\/#organization"},"image":{"@id":"https:\/\/www.ecolenormalecortot.com\/en\/2026\/09\/01\/audition-3e-edition-du-gala-de-la-voix\/#primaryimage"},"thumbnailUrl":"https:\/\/www.ecolenormalecortot.com\/wp-content\/uploads\/2026\/09\/Design-sans-titre-7.png","articleSection":["Scolarit\u00e9"],"inLanguage":"en-US"},{"@type":"WebPage","@id":"https:\/\/www.ecolenormalecortot.com\/en\/2026\/09\/01\/audition-3e-edition-du-gala-de-la-voix\/","url":"https:\/\/www.ecolenormalecortot.com\/en\/2026\/09\/01\/audition-3e-edition-du-gala-de-la-voix\/","name":"Audition - 3e \u00e9dition du Gala de la Voix - Ecole Normale de Musique de Paris","isPartOf":{"@id":"https:\/\/www.ecolenormalecortot.com\/en\/#website"},"primaryImageOfPage":{"@id":"https:\/\/www.ecolenormalecortot.com\/en\/2026\/09\/01\/audition-3e-edition-du-gala-de-la-voix\/#primaryimage"},"image":{"@id":"https:\/\/www.ecolenormalecortot.com\/en\/2026\/09\/01\/audition-3e-edition-du-gala-de-la-voix\/#primaryimage"},"thumbnailUrl":"https:\/\/www.ecolenormalecortot.com\/wp-content\/uploads\/2026\/09\/Design-sans-titre-7.png","datePublished":"2026-09-01T13:04:00+00:00","dateModified":"2026-09-01T13:10:54+00:00","breadcrumb":{"@id":"https:\/\/www.ecolenormalecortot.com\/en\/2026\/09\/01\/audition-3e-edition-du-gala-de-la-voix\/#breadcrumb"},"inLanguage":"en-US","potentialAction":[{"@type":"ReadAction","target":["https:\/\/www.ecolenormalecortot.com\/en\/2026\/09\/01\/audition-3e-edition-du-gala-de-la-voix\/"]}]},{"@type":"ImageObject","inLanguage":"en-US","@id":"https:\/\/www.ecolenormalecortot.com\/en\/2026\/09\/01\/audition-3e-edition-du-gala-de-la-voix\/#primaryimage","url":"https:\/\/www.ecolenormalecortot.com\/wp-content\/uploads\/2026\/09\/Design-sans-titre-7.png","contentUrl":"https:\/\/www.ecolenormalecortot.com\/wp-content\/uploads\/2026\/09\/Design-sans-titre-7.png","width":2000,"height":1414},{"@type":"BreadcrumbList","@id":"https:\/\/www.ecolenormalecortot.com\/en\/2026\/09\/01\/audition-3e-edition-du-gala-de-la-voix\/#breadcrumb","itemListElement":[{"@type":"ListItem","position":1,"name":"Accueil","item":"https:\/\/www.ecolenormalecortot.com\/en\/"},{"@type":"ListItem","position":2,"name":"Audition &#8211; 3e \u00e9dition du Gala de la Voix"}]},{"@type":"WebSite","@id":"https:\/\/www.ecolenormalecortot.com\/en\/#website","url":"https:\/\/www.ecolenormalecortot.com\/en\/","name":"Ecole Normale de Musique de Paris","description":"","publisher":{"@id":"https:\/\/www.ecolenormalecortot.com\/en\/#organization"},"potentialAction":[{"@type":"SearchAction","target":{"@type":"EntryPoint","urlTemplate":"https:\/\/www.ecolenormalecortot.com\/en\/?s={search_term_string}"},"query-input":{"@type":"PropertyValueSpecification","valueRequired":true,"valueName":"search_term_string"}}],"inLanguage":"en-US"},{"@type":"Organization","@id":"https:\/\/www.ecolenormalecortot.com\/en\/#organization","name":"Ecole Normale de Musique de Paris","url":"https:\/\/www.ecolenormalecortot.com\/en\/","logo":{"@type":"ImageObject","inLanguage":"en-US","@id":"https:\/\/www.ecolenormalecortot.com\/en\/#\/schema\/logo\/image\/","url":"https:\/\/www.ecolenormalecortot.com\/wp-content\/uploads\/2023\/02\/android-chrome-512x512-1.png","contentUrl":"https:\/\/www.ecolenormalecortot.com\/wp-content\/uploads\/2023\/02\/android-chrome-512x512-1.png","width":512,"height":512,"caption":"Ecole Normale de Musique de Paris"},"image":{"@id":"https:\/\/www.ecolenormalecortot.com\/en\/#\/schema\/logo\/image\/"}},{"@type":"Person","@id":"https:\/\/www.ecolenormalecortot.com\/en\/#\/schema\/person\/396244d0b754aa17dc7d8312e325f5a9","name":"Murielle Hurel","image":{"@type":"ImageObject","inLanguage":"en-US","@id":"https:\/\/secure.gravatar.com\/avatar\/e6c8150d4c3fd6323650f92df1f38ac4a322f2538cf41823b04283ae52792e8a?s=96&d=mm&r=g","url":"https:\/\/secure.gravatar.com\/avatar\/e6c8150d4c3fd6323650f92df1f38ac4a322f2538cf41823b04283ae52792e8a?s=96&d=mm&r=g","contentUrl":"https:\/\/secure.gravatar.com\/avatar\/e6c8150d4c3fd6323650f92df1f38ac4a322f2538cf41823b04283ae52792e8a?s=96&d=mm&r=g","caption":"Murielle Hurel"}}]}},"_links":{"self":[{"href":"https:\/\/www.ecolenormalecortot.com\/en\/wp-json\/wp\/v2\/posts\/13483","targetHints":{"allow":["GET"]}}],"collection":[{"href":"https:\/\/www.ecolenormalecortot.com\/en\/wp-json\/wp\/v2\/posts"}],"about":[{"href":"https:\/\/www.ecolenormalecortot.com\/en\/wp-json\/wp\/v2\/types\/post"}],"author":[{"embeddable":true,"href":"https:\/\/www.ecolenormalecortot.com\/en\/wp-json\/wp\/v2\/users\/3"}],"replies":[{"embeddable":true,"href":"https:\/\/www.ecolenormalecortot.com\/en\/wp-json\/wp\/v2\/comments?post=13483"}],"version-history":[{"count":2,"href":"https:\/\/www.ecolenormalecortot.com\/en\/wp-json\/wp\/v2\/posts\/13483\/revisions"}],"predecessor-version":[{"id":13492,"href":"https:\/\/www.ecolenormalecortot.com\/en\/wp-json\/wp\/v2\/posts\/13483\/revisions\/13492"}],"wp:featuredmedia":[{"embeddable":true,"href":"https:\/\/www.ecolenormalecortot.com\/en\/wp-json\/wp\/v2\/media\/13489"}],"wp:attachment":[{"href":"https:\/\/www.ecolenormalecortot.com\/en\/wp-json\/wp\/v2\/media?parent=13483"}],"wp:term":[{"taxonomy":"category","embeddable":true,"href":"https:\/\/www.ecolenormalecortot.com\/en\/wp-json\/wp\/v2\/categories?post=13483"},{"taxonomy":"post_tag","embeddable":true,"href":"https:\/\/www.ecolenormalecortot.com\/en\/wp-json\/wp\/v2\/tags?post=13483"}],"curies":[{"name":"wp","href":"https:\/\/api.w.org\/{rel}","templated":true}]}}