{"id":12604,"date":"2026-04-28T15:35:54","date_gmt":"2026-04-28T13:35:54","guid":{"rendered":"https:\/\/www.ecolenormalecortot.com\/?p=12604"},"modified":"2026-04-28T15:35:55","modified_gmt":"2026-04-28T13:35:55","slug":"atelier-dimprovisation-06-05-pascal-amoyel","status":"publish","type":"post","link":"https:\/\/www.ecolenormalecortot.com\/en\/2026\/04\/28\/atelier-dimprovisation-06-05-pascal-amoyel\/","title":{"rendered":"Atelier d&#8217;improvisation 06\/05 &#8211; Pascal Amoyel"},"content":{"rendered":"\n<p><strong>Atelier ouvert au public : participation libre, vous pouvez aussi assister en tant qu\u2019auditeur.<\/strong><\/p>\n\n\n\n<p>Le mercredi 6 mai en salle Pierre Petit de 17h \u00e0 20h<\/p>\n\n\n\n<p>Ouvert aux musiciens de toutes disciplines, du d\u00e9butant au confirm\u00e9, cet atelier invite chacun \u00e0 renouer avec une pratique spontan\u00e9e, vivante et incarn\u00e9e de la musique. \u00c0 travers les traditions d\u2019improvisation idiomatique et non idiomatique, autrefois au c\u0153ur de la formation musicale, les participants exploreront de nouvelles mani\u00e8res d\u2019\u00e9couter, de cr\u00e9er et d\u2019interpr\u00e9ter. Un moment pour lib\u00e9rer sa cr\u00e9ativit\u00e9, affiner son \u00e9coute et enrichir son rapport \u00e0 l\u2019instrument comme \u00e0 la musique.<br><\/p>\n\n\n\n<p><\/p>\n","protected":false},"excerpt":{"rendered":"<p>Atelier ouvert au public : participation libre, vous pouvez aussi assister en tant qu\u2019auditeur. Le mercredi 6 mai en salle [&hellip;]<\/p>\n","protected":false},"author":3,"featured_media":12602,"comment_status":"closed","ping_status":"open","sticky":false,"template":"","format":"standard","meta":{"_acf_changed":false,"footnotes":""},"categories":[21],"tags":[],"class_list":["post-12604","post","type-post","status-publish","format-standard","has-post-thumbnail","hentry","category-scolarite"],"acf":[],"yoast_head":"<!-- This site is optimized with the Yoast SEO plugin v27.5 - https:\/\/yoast.com\/product\/yoast-seo-wordpress\/ -->\n<title>Atelier d&#039;improvisation 06\/05 - Pascal Amoyel - Ecole Normale de Musique de Paris<\/title>\n<meta name=\"robots\" content=\"index, follow, max-snippet:-1, max-image-preview:large, max-video-preview:-1\" \/>\n<link rel=\"canonical\" href=\"https:\/\/www.ecolenormalecortot.com\/en\/2026\/04\/28\/atelier-dimprovisation-06-05-pascal-amoyel\/\" \/>\n<meta property=\"og:locale\" content=\"en_US\" \/>\n<meta property=\"og:type\" content=\"article\" \/>\n<meta property=\"og:title\" content=\"Atelier d&#039;improvisation 06\/05 - Pascal Amoyel - Ecole Normale de Musique de Paris\" \/>\n<meta property=\"og:description\" content=\"Atelier ouvert au public : participation libre, vous pouvez aussi assister en tant qu\u2019auditeur. Le mercredi 6 mai en salle [&hellip;]\" \/>\n<meta property=\"og:url\" content=\"https:\/\/www.ecolenormalecortot.com\/en\/2026\/04\/28\/atelier-dimprovisation-06-05-pascal-amoyel\/\" \/>\n<meta property=\"og:site_name\" content=\"Ecole Normale de Musique de Paris\" \/>\n<meta property=\"article:published_time\" content=\"2026-04-28T13:35:54+00:00\" \/>\n<meta property=\"article:modified_time\" content=\"2026-04-28T13:35:55+00:00\" \/>\n<meta property=\"og:image\" content=\"https:\/\/www.ecolenormalecortot.com\/wp-content\/uploads\/2026\/04\/1200x680-1.jpeg\" \/>\n\t<meta property=\"og:image:width\" content=\"1200\" \/>\n\t<meta property=\"og:image:height\" content=\"680\" \/>\n\t<meta property=\"og:image:type\" content=\"image\/jpeg\" \/>\n<meta name=\"author\" content=\"Murielle Hurel\" \/>\n<meta name=\"twitter:card\" content=\"summary_large_image\" \/>\n<meta name=\"twitter:label1\" content=\"Written by\" \/>\n\t<meta name=\"twitter:data1\" content=\"Murielle Hurel\" \/>\n\t<meta name=\"twitter:label2\" content=\"Est. reading time\" \/>\n\t<meta name=\"twitter:data2\" content=\"1 minute\" \/>\n<script type=\"application\/ld+json\" class=\"yoast-schema-graph\">{\"@context\":\"https:\\\/\\\/schema.org\",\"@graph\":[{\"@type\":\"Article\",\"@id\":\"https:\\\/\\\/www.ecolenormalecortot.com\\\/en\\\/2026\\\/04\\\/28\\\/atelier-dimprovisation-06-05-pascal-amoyel\\\/#article\",\"isPartOf\":{\"@id\":\"https:\\\/\\\/www.ecolenormalecortot.com\\\/en\\\/2026\\\/04\\\/28\\\/atelier-dimprovisation-06-05-pascal-amoyel\\\/\"},\"author\":{\"name\":\"Murielle Hurel\",\"@id\":\"https:\\\/\\\/www.ecolenormalecortot.com\\\/en\\\/#\\\/schema\\\/person\\\/396244d0b754aa17dc7d8312e325f5a9\"},\"headline\":\"Atelier d&#8217;improvisation 06\\\/05 &#8211; Pascal Amoyel\",\"datePublished\":\"2026-04-28T13:35:54+00:00\",\"dateModified\":\"2026-04-28T13:35:55+00:00\",\"mainEntityOfPage\":{\"@id\":\"https:\\\/\\\/www.ecolenormalecortot.com\\\/en\\\/2026\\\/04\\\/28\\\/atelier-dimprovisation-06-05-pascal-amoyel\\\/\"},\"wordCount\":111,\"publisher\":{\"@id\":\"https:\\\/\\\/www.ecolenormalecortot.com\\\/en\\\/#organization\"},\"image\":{\"@id\":\"https:\\\/\\\/www.ecolenormalecortot.com\\\/en\\\/2026\\\/04\\\/28\\\/atelier-dimprovisation-06-05-pascal-amoyel\\\/#primaryimage\"},\"thumbnailUrl\":\"https:\\\/\\\/www.ecolenormalecortot.com\\\/wp-content\\\/uploads\\\/2026\\\/04\\\/1200x680-1.jpeg\",\"articleSection\":[\"Scolarit\u00e9\"],\"inLanguage\":\"en-US\"},{\"@type\":\"WebPage\",\"@id\":\"https:\\\/\\\/www.ecolenormalecortot.com\\\/en\\\/2026\\\/04\\\/28\\\/atelier-dimprovisation-06-05-pascal-amoyel\\\/\",\"url\":\"https:\\\/\\\/www.ecolenormalecortot.com\\\/en\\\/2026\\\/04\\\/28\\\/atelier-dimprovisation-06-05-pascal-amoyel\\\/\",\"name\":\"Atelier d'improvisation 06\\\/05 - Pascal Amoyel - Ecole Normale de Musique de Paris\",\"isPartOf\":{\"@id\":\"https:\\\/\\\/www.ecolenormalecortot.com\\\/en\\\/#website\"},\"primaryImageOfPage\":{\"@id\":\"https:\\\/\\\/www.ecolenormalecortot.com\\\/en\\\/2026\\\/04\\\/28\\\/atelier-dimprovisation-06-05-pascal-amoyel\\\/#primaryimage\"},\"image\":{\"@id\":\"https:\\\/\\\/www.ecolenormalecortot.com\\\/en\\\/2026\\\/04\\\/28\\\/atelier-dimprovisation-06-05-pascal-amoyel\\\/#primaryimage\"},\"thumbnailUrl\":\"https:\\\/\\\/www.ecolenormalecortot.com\\\/wp-content\\\/uploads\\\/2026\\\/04\\\/1200x680-1.jpeg\",\"datePublished\":\"2026-04-28T13:35:54+00:00\",\"dateModified\":\"2026-04-28T13:35:55+00:00\",\"breadcrumb\":{\"@id\":\"https:\\\/\\\/www.ecolenormalecortot.com\\\/en\\\/2026\\\/04\\\/28\\\/atelier-dimprovisation-06-05-pascal-amoyel\\\/#breadcrumb\"},\"inLanguage\":\"en-US\",\"potentialAction\":[{\"@type\":\"ReadAction\",\"target\":[\"https:\\\/\\\/www.ecolenormalecortot.com\\\/en\\\/2026\\\/04\\\/28\\\/atelier-dimprovisation-06-05-pascal-amoyel\\\/\"]}]},{\"@type\":\"ImageObject\",\"inLanguage\":\"en-US\",\"@id\":\"https:\\\/\\\/www.ecolenormalecortot.com\\\/en\\\/2026\\\/04\\\/28\\\/atelier-dimprovisation-06-05-pascal-amoyel\\\/#primaryimage\",\"url\":\"https:\\\/\\\/www.ecolenormalecortot.com\\\/wp-content\\\/uploads\\\/2026\\\/04\\\/1200x680-1.jpeg\",\"contentUrl\":\"https:\\\/\\\/www.ecolenormalecortot.com\\\/wp-content\\\/uploads\\\/2026\\\/04\\\/1200x680-1.jpeg\",\"width\":1200,\"height\":680},{\"@type\":\"BreadcrumbList\",\"@id\":\"https:\\\/\\\/www.ecolenormalecortot.com\\\/en\\\/2026\\\/04\\\/28\\\/atelier-dimprovisation-06-05-pascal-amoyel\\\/#breadcrumb\",\"itemListElement\":[{\"@type\":\"ListItem\",\"position\":1,\"name\":\"Accueil\",\"item\":\"https:\\\/\\\/www.ecolenormalecortot.com\\\/en\\\/\"},{\"@type\":\"ListItem\",\"position\":2,\"name\":\"Atelier d&rsquo;improvisation 06\\\/05 &#8211; Pascal Amoyel\"}]},{\"@type\":\"WebSite\",\"@id\":\"https:\\\/\\\/www.ecolenormalecortot.com\\\/en\\\/#website\",\"url\":\"https:\\\/\\\/www.ecolenormalecortot.com\\\/en\\\/\",\"name\":\"Ecole Normale de Musique de Paris\",\"description\":\"\",\"publisher\":{\"@id\":\"https:\\\/\\\/www.ecolenormalecortot.com\\\/en\\\/#organization\"},\"potentialAction\":[{\"@type\":\"SearchAction\",\"target\":{\"@type\":\"EntryPoint\",\"urlTemplate\":\"https:\\\/\\\/www.ecolenormalecortot.com\\\/en\\\/?s={search_term_string}\"},\"query-input\":{\"@type\":\"PropertyValueSpecification\",\"valueRequired\":true,\"valueName\":\"search_term_string\"}}],\"inLanguage\":\"en-US\"},{\"@type\":\"Organization\",\"@id\":\"https:\\\/\\\/www.ecolenormalecortot.com\\\/en\\\/#organization\",\"name\":\"Ecole Normale de Musique de Paris\",\"url\":\"https:\\\/\\\/www.ecolenormalecortot.com\\\/en\\\/\",\"logo\":{\"@type\":\"ImageObject\",\"inLanguage\":\"en-US\",\"@id\":\"https:\\\/\\\/www.ecolenormalecortot.com\\\/en\\\/#\\\/schema\\\/logo\\\/image\\\/\",\"url\":\"https:\\\/\\\/www.ecolenormalecortot.com\\\/wp-content\\\/uploads\\\/2023\\\/02\\\/android-chrome-512x512-1.png\",\"contentUrl\":\"https:\\\/\\\/www.ecolenormalecortot.com\\\/wp-content\\\/uploads\\\/2023\\\/02\\\/android-chrome-512x512-1.png\",\"width\":512,\"height\":512,\"caption\":\"Ecole Normale de Musique de Paris\"},\"image\":{\"@id\":\"https:\\\/\\\/www.ecolenormalecortot.com\\\/en\\\/#\\\/schema\\\/logo\\\/image\\\/\"}},{\"@type\":\"Person\",\"@id\":\"https:\\\/\\\/www.ecolenormalecortot.com\\\/en\\\/#\\\/schema\\\/person\\\/396244d0b754aa17dc7d8312e325f5a9\",\"name\":\"Murielle Hurel\",\"image\":{\"@type\":\"ImageObject\",\"inLanguage\":\"en-US\",\"@id\":\"https:\\\/\\\/secure.gravatar.com\\\/avatar\\\/e6c8150d4c3fd6323650f92df1f38ac4a322f2538cf41823b04283ae52792e8a?s=96&d=mm&r=g\",\"url\":\"https:\\\/\\\/secure.gravatar.com\\\/avatar\\\/e6c8150d4c3fd6323650f92df1f38ac4a322f2538cf41823b04283ae52792e8a?s=96&d=mm&r=g\",\"contentUrl\":\"https:\\\/\\\/secure.gravatar.com\\\/avatar\\\/e6c8150d4c3fd6323650f92df1f38ac4a322f2538cf41823b04283ae52792e8a?s=96&d=mm&r=g\",\"caption\":\"Murielle Hurel\"}}]}<\/script>\n<!-- \/ Yoast SEO plugin. -->","yoast_head_json":{"title":"Atelier d'improvisation 06\/05 - Pascal Amoyel - Ecole Normale de Musique de Paris","robots":{"index":"index","follow":"follow","max-snippet":"max-snippet:-1","max-image-preview":"max-image-preview:large","max-video-preview":"max-video-preview:-1"},"canonical":"https:\/\/www.ecolenormalecortot.com\/en\/2026\/04\/28\/atelier-dimprovisation-06-05-pascal-amoyel\/","og_locale":"en_US","og_type":"article","og_title":"Atelier d'improvisation 06\/05 - Pascal Amoyel - Ecole Normale de Musique de Paris","og_description":"Atelier ouvert au public : participation libre, vous pouvez aussi assister en tant qu\u2019auditeur. Le mercredi 6 mai en salle [&hellip;]","og_url":"https:\/\/www.ecolenormalecortot.com\/en\/2026\/04\/28\/atelier-dimprovisation-06-05-pascal-amoyel\/","og_site_name":"Ecole Normale de Musique de Paris","article_published_time":"2026-04-28T13:35:54+00:00","article_modified_time":"2026-04-28T13:35:55+00:00","og_image":[{"width":1200,"height":680,"url":"https:\/\/www.ecolenormalecortot.com\/wp-content\/uploads\/2026\/04\/1200x680-1.jpeg","type":"image\/jpeg"}],"author":"Murielle Hurel","twitter_card":"summary_large_image","twitter_misc":{"Written by":"Murielle Hurel","Est. reading time":"1 minute"},"schema":{"@context":"https:\/\/schema.org","@graph":[{"@type":"Article","@id":"https:\/\/www.ecolenormalecortot.com\/en\/2026\/04\/28\/atelier-dimprovisation-06-05-pascal-amoyel\/#article","isPartOf":{"@id":"https:\/\/www.ecolenormalecortot.com\/en\/2026\/04\/28\/atelier-dimprovisation-06-05-pascal-amoyel\/"},"author":{"name":"Murielle Hurel","@id":"https:\/\/www.ecolenormalecortot.com\/en\/#\/schema\/person\/396244d0b754aa17dc7d8312e325f5a9"},"headline":"Atelier d&#8217;improvisation 06\/05 &#8211; Pascal Amoyel","datePublished":"2026-04-28T13:35:54+00:00","dateModified":"2026-04-28T13:35:55+00:00","mainEntityOfPage":{"@id":"https:\/\/www.ecolenormalecortot.com\/en\/2026\/04\/28\/atelier-dimprovisation-06-05-pascal-amoyel\/"},"wordCount":111,"publisher":{"@id":"https:\/\/www.ecolenormalecortot.com\/en\/#organization"},"image":{"@id":"https:\/\/www.ecolenormalecortot.com\/en\/2026\/04\/28\/atelier-dimprovisation-06-05-pascal-amoyel\/#primaryimage"},"thumbnailUrl":"https:\/\/www.ecolenormalecortot.com\/wp-content\/uploads\/2026\/04\/1200x680-1.jpeg","articleSection":["Scolarit\u00e9"],"inLanguage":"en-US"},{"@type":"WebPage","@id":"https:\/\/www.ecolenormalecortot.com\/en\/2026\/04\/28\/atelier-dimprovisation-06-05-pascal-amoyel\/","url":"https:\/\/www.ecolenormalecortot.com\/en\/2026\/04\/28\/atelier-dimprovisation-06-05-pascal-amoyel\/","name":"Atelier d'improvisation 06\/05 - Pascal Amoyel - Ecole Normale de Musique de Paris","isPartOf":{"@id":"https:\/\/www.ecolenormalecortot.com\/en\/#website"},"primaryImageOfPage":{"@id":"https:\/\/www.ecolenormalecortot.com\/en\/2026\/04\/28\/atelier-dimprovisation-06-05-pascal-amoyel\/#primaryimage"},"image":{"@id":"https:\/\/www.ecolenormalecortot.com\/en\/2026\/04\/28\/atelier-dimprovisation-06-05-pascal-amoyel\/#primaryimage"},"thumbnailUrl":"https:\/\/www.ecolenormalecortot.com\/wp-content\/uploads\/2026\/04\/1200x680-1.jpeg","datePublished":"2026-04-28T13:35:54+00:00","dateModified":"2026-04-28T13:35:55+00:00","breadcrumb":{"@id":"https:\/\/www.ecolenormalecortot.com\/en\/2026\/04\/28\/atelier-dimprovisation-06-05-pascal-amoyel\/#breadcrumb"},"inLanguage":"en-US","potentialAction":[{"@type":"ReadAction","target":["https:\/\/www.ecolenormalecortot.com\/en\/2026\/04\/28\/atelier-dimprovisation-06-05-pascal-amoyel\/"]}]},{"@type":"ImageObject","inLanguage":"en-US","@id":"https:\/\/www.ecolenormalecortot.com\/en\/2026\/04\/28\/atelier-dimprovisation-06-05-pascal-amoyel\/#primaryimage","url":"https:\/\/www.ecolenormalecortot.com\/wp-content\/uploads\/2026\/04\/1200x680-1.jpeg","contentUrl":"https:\/\/www.ecolenormalecortot.com\/wp-content\/uploads\/2026\/04\/1200x680-1.jpeg","width":1200,"height":680},{"@type":"BreadcrumbList","@id":"https:\/\/www.ecolenormalecortot.com\/en\/2026\/04\/28\/atelier-dimprovisation-06-05-pascal-amoyel\/#breadcrumb","itemListElement":[{"@type":"ListItem","position":1,"name":"Accueil","item":"https:\/\/www.ecolenormalecortot.com\/en\/"},{"@type":"ListItem","position":2,"name":"Atelier d&rsquo;improvisation 06\/05 &#8211; Pascal Amoyel"}]},{"@type":"WebSite","@id":"https:\/\/www.ecolenormalecortot.com\/en\/#website","url":"https:\/\/www.ecolenormalecortot.com\/en\/","name":"Ecole Normale de Musique de Paris","description":"","publisher":{"@id":"https:\/\/www.ecolenormalecortot.com\/en\/#organization"},"potentialAction":[{"@type":"SearchAction","target":{"@type":"EntryPoint","urlTemplate":"https:\/\/www.ecolenormalecortot.com\/en\/?s={search_term_string}"},"query-input":{"@type":"PropertyValueSpecification","valueRequired":true,"valueName":"search_term_string"}}],"inLanguage":"en-US"},{"@type":"Organization","@id":"https:\/\/www.ecolenormalecortot.com\/en\/#organization","name":"Ecole Normale de Musique de Paris","url":"https:\/\/www.ecolenormalecortot.com\/en\/","logo":{"@type":"ImageObject","inLanguage":"en-US","@id":"https:\/\/www.ecolenormalecortot.com\/en\/#\/schema\/logo\/image\/","url":"https:\/\/www.ecolenormalecortot.com\/wp-content\/uploads\/2023\/02\/android-chrome-512x512-1.png","contentUrl":"https:\/\/www.ecolenormalecortot.com\/wp-content\/uploads\/2023\/02\/android-chrome-512x512-1.png","width":512,"height":512,"caption":"Ecole Normale de Musique de Paris"},"image":{"@id":"https:\/\/www.ecolenormalecortot.com\/en\/#\/schema\/logo\/image\/"}},{"@type":"Person","@id":"https:\/\/www.ecolenormalecortot.com\/en\/#\/schema\/person\/396244d0b754aa17dc7d8312e325f5a9","name":"Murielle Hurel","image":{"@type":"ImageObject","inLanguage":"en-US","@id":"https:\/\/secure.gravatar.com\/avatar\/e6c8150d4c3fd6323650f92df1f38ac4a322f2538cf41823b04283ae52792e8a?s=96&d=mm&r=g","url":"https:\/\/secure.gravatar.com\/avatar\/e6c8150d4c3fd6323650f92df1f38ac4a322f2538cf41823b04283ae52792e8a?s=96&d=mm&r=g","contentUrl":"https:\/\/secure.gravatar.com\/avatar\/e6c8150d4c3fd6323650f92df1f38ac4a322f2538cf41823b04283ae52792e8a?s=96&d=mm&r=g","caption":"Murielle Hurel"}}]}},"_links":{"self":[{"href":"https:\/\/www.ecolenormalecortot.com\/en\/wp-json\/wp\/v2\/posts\/12604","targetHints":{"allow":["GET"]}}],"collection":[{"href":"https:\/\/www.ecolenormalecortot.com\/en\/wp-json\/wp\/v2\/posts"}],"about":[{"href":"https:\/\/www.ecolenormalecortot.com\/en\/wp-json\/wp\/v2\/types\/post"}],"author":[{"embeddable":true,"href":"https:\/\/www.ecolenormalecortot.com\/en\/wp-json\/wp\/v2\/users\/3"}],"replies":[{"embeddable":true,"href":"https:\/\/www.ecolenormalecortot.com\/en\/wp-json\/wp\/v2\/comments?post=12604"}],"version-history":[{"count":1,"href":"https:\/\/www.ecolenormalecortot.com\/en\/wp-json\/wp\/v2\/posts\/12604\/revisions"}],"predecessor-version":[{"id":12605,"href":"https:\/\/www.ecolenormalecortot.com\/en\/wp-json\/wp\/v2\/posts\/12604\/revisions\/12605"}],"wp:featuredmedia":[{"embeddable":true,"href":"https:\/\/www.ecolenormalecortot.com\/en\/wp-json\/wp\/v2\/media\/12602"}],"wp:attachment":[{"href":"https:\/\/www.ecolenormalecortot.com\/en\/wp-json\/wp\/v2\/media?parent=12604"}],"wp:term":[{"taxonomy":"category","embeddable":true,"href":"https:\/\/www.ecolenormalecortot.com\/en\/wp-json\/wp\/v2\/categories?post=12604"},{"taxonomy":"post_tag","embeddable":true,"href":"https:\/\/www.ecolenormalecortot.com\/en\/wp-json\/wp\/v2\/tags?post=12604"}],"curies":[{"name":"wp","href":"https:\/\/api.w.org\/{rel}","templated":true}]}}