{"id":10800,"date":"2025-07-03T17:03:23","date_gmt":"2025-07-03T15:03:23","guid":{"rendered":"https:\/\/www.ecolenormalecortot.com\/?p=10800"},"modified":"2025-07-03T17:03:59","modified_gmt":"2025-07-03T15:03:59","slug":"nouveaux-horizons-pour-le-departement-de-composition","status":"publish","type":"post","link":"https:\/\/www.ecolenormalecortot.com\/en\/2025\/07\/03\/nouveaux-horizons-pour-le-departement-de-composition\/","title":{"rendered":"Le D\u00e9partement de Composition se r\u00e9invente !"},"content":{"rendered":"\n<p><strong>\u00c0 l\u2019aube de l\u2019ann\u00e9e acad\u00e9mique 2025-2026, le D\u00e9partement de Composition de l\u2019\u00c9cole Normale de Musique de Paris se r\u00e9invente.<\/strong> De nouvelles initiatives ambitieuses voient le jour afin de proposer aux \u00e9tudiants un environnement toujours plus riche, dynamique et connect\u00e9 aux r\u00e9alit\u00e9s du monde musical contemporain.<\/p>\n\n\n\n<h2 class=\"wp-block-heading\">Un studio de composition \u00e0 la pointe<\/h2>\n\n\n\n<p>D\u00e8s la rentr\u00e9e prochaine, un <strong>studio de composition enti\u00e8rement \u00e9quip\u00e9<\/strong> ouvrira ses portes. Con\u00e7u pour r\u00e9pondre aux besoins des compositeurs d\u2019aujourd\u2019hui, ce nouvel espace permettra aux \u00e9tudiants de travailler sur des logiciels professionnels, d\u2019exp\u00e9rimenter librement et de d\u00e9velopper leur propre langage musical dans un cadre moderne et inspirant.<\/p>\n\n\n\n<h2 class=\"wp-block-heading\">Des partenariats avec des orchestres de renom<\/h2>\n\n\n\n<p>Afin d\u2019offrir une v\u00e9ritable vitrine aux jeunes talents, <strong>plusieurs orchestres prestigieux collaboreront avec l\u2019\u00e9cole<\/strong> pour interpr\u00e9ter les \u0153uvres des \u00e9tudiants. Enregistrements, concerts, r\u00e9sidences : ces exp\u00e9riences concr\u00e8tes permettront aux compositeurs de confronter leur travail \u00e0 la sc\u00e8ne, et de b\u00e9n\u00e9ficier d\u2019un retour professionnel inestimable.<\/p>\n\n\n\n<h2 class=\"wp-block-heading\">Une ouverture internationale renforc\u00e9e<\/h2>\n\n\n\n<p>Le d\u00e9partement poursuit son <strong>ouverture \u00e0 l\u2019international<\/strong> avec la mise en place de nouveaux programmes d\u2019\u00e9changes. D\u00e8s 2025, des partenariats seront lanc\u00e9s avec des \u00e9tablissements de premier plan au <strong>Japon, en Finlande et au Canada<\/strong>, permettant aux \u00e9tudiants de s\u2019immerger dans d\u2019autres cultures musicales et d\u2019\u00e9largir leurs perspectives artistiques et professionnelles.<\/p>\n\n\n\n<h2 class=\"wp-block-heading\">Des concerts ext\u00e9rieurs et immersifs<\/h2>\n\n\n\n<p>La cr\u00e9ation contemporaine et la musique \u00e0 l\u2019image sortiront des murs de l\u2019\u00e9cole gr\u00e2ce \u00e0 une <strong>programmation de concerts hors-les-murs<\/strong>. Les \u00e9tudiants auront ainsi l\u2019opportunit\u00e9 de se produire dans des lieux vari\u00e9s, et de b\u00e9n\u00e9ficier d\u2019<strong>enregistrements en studio professionnel<\/strong>, favorisant une mise en situation proche des standards du m\u00e9tier.<\/p>\n\n\n\n<h2 class=\"wp-block-heading\">La Salle Cortot, \u00e9crin du talent \u00e9tudiant<\/h2>\n\n\n\n<p>Lieu embl\u00e9matique de la musique classique \u00e0 Paris, <strong>la Salle Cortot accueillera \u00e9galement les concerts des \u00e9tudiants du d\u00e9partement<\/strong>. Une occasion pr\u00e9cieuse de se produire dans une salle de prestige et de faire rayonner leur travail aupr\u00e8s du grand public.<\/p>\n\n\n\n<h2 class=\"wp-block-heading\">Une \u00e9quipe p\u00e9dagogique d\u2019exception<\/h2>\n\n\n\n<p>Le d\u00e9partement de composition s\u2019appuie sur une \u00e9quipe d\u2019enseignants de <strong>renomm\u00e9e internationale<\/strong>, parmi lesquels :<\/p>\n\n\n\n<ul class=\"wp-block-list\">\n<li><strong>Michael Levinas<\/strong><\/li>\n\n\n\n<li><strong>R\u00e9gis Campo<\/strong><\/li>\n\n\n\n<li><strong>\u00c9ric Tanguy<\/strong><\/li>\n\n\n\n<li><strong>B\u00e9atrice Thiriet<\/strong><\/li>\n<\/ul>\n\n\n\n<p>Leur accompagnement bienveillant et exigeant garantit aux \u00e9tudiants un encadrement de tr\u00e8s haut niveau, et une transmission vivante de la cr\u00e9ation musicale actuelle.<\/p>\n\n\n\n<h2 class=\"wp-block-heading\">Accueil des \u00e9tudiants internationaux<\/h2>\n\n\n\n<p>Des <strong>bourses d\u2019\u00e9tudes<\/strong> sont accessibles sur demande via le site de l\u2019\u00e9cole : <a class=\"\" href=\"https:\/\/www.ecolenormalecortot.com\">www.ecolenormalecortot.com<\/a>. L\u2019\u00c9cole propose \u00e9galement des solutions de <strong>logement \u00e0 la Cit\u00e9 internationale universitaire de Paris<\/strong>, facilitant l\u2019installation des \u00e9tudiants venus du monde entier.<\/p>\n\n\n\n<hr class=\"wp-block-separator has-alpha-channel-opacity\"\/>\n\n\n\n<p><strong>L\u2019ann\u00e9e 2025-2026 s\u2019annonce comme un tournant majeur pour le d\u00e9partement.<\/strong> Entre innovations p\u00e9dagogiques, rayonnement artistique et ouverture au monde, l\u2019\u00c9cole Normale de Musique de Paris continue d\u2019affirmer sa place au c\u0153ur de la cr\u00e9ation musicale contemporaine.<\/p>\n","protected":false},"excerpt":{"rendered":"<p>\u00c0 l\u2019aube de l\u2019ann\u00e9e acad\u00e9mique 2025-2026, le D\u00e9partement de Composition de l\u2019\u00c9cole Normale de Musique de Paris se r\u00e9invente. De [&hellip;]<\/p>\n","protected":false},"author":6,"featured_media":10803,"comment_status":"closed","ping_status":"open","sticky":false,"template":"","format":"standard","meta":{"_acf_changed":false,"footnotes":""},"categories":[1],"tags":[],"class_list":["post-10800","post","type-post","status-publish","format-standard","has-post-thumbnail","hentry","category-non-classifiee"],"acf":[],"yoast_head":"<!-- This site is optimized with the Yoast SEO plugin v27.5 - https:\/\/yoast.com\/product\/yoast-seo-wordpress\/ -->\n<title>Le D\u00e9partement de Composition se r\u00e9invente ! - Ecole Normale de Musique de Paris<\/title>\n<meta name=\"description\" content=\"\u00c0 l\u2019aube de l\u2019ann\u00e9e acad\u00e9mique 2025-2026, le D\u00e9partement de Composition de l\u2019\u00c9cole Normale de Musique de Paris se r\u00e9invente.\" \/>\n<meta name=\"robots\" content=\"index, follow, max-snippet:-1, max-image-preview:large, max-video-preview:-1\" \/>\n<link rel=\"canonical\" href=\"https:\/\/www.ecolenormalecortot.com\/en\/2025\/07\/03\/nouveaux-horizons-pour-le-departement-de-composition\/\" \/>\n<meta property=\"og:locale\" content=\"en_US\" \/>\n<meta property=\"og:type\" content=\"article\" \/>\n<meta property=\"og:title\" content=\"Le D\u00e9partement de Composition se r\u00e9invente ! - Ecole Normale de Musique de Paris\" \/>\n<meta property=\"og:description\" content=\"\u00c0 l\u2019aube de l\u2019ann\u00e9e acad\u00e9mique 2025-2026, le D\u00e9partement de Composition de l\u2019\u00c9cole Normale de Musique de Paris se r\u00e9invente.\" \/>\n<meta property=\"og:url\" content=\"https:\/\/www.ecolenormalecortot.com\/en\/2025\/07\/03\/nouveaux-horizons-pour-le-departement-de-composition\/\" \/>\n<meta property=\"og:site_name\" content=\"Ecole Normale de Musique de Paris\" \/>\n<meta property=\"article:published_time\" content=\"2025-07-03T15:03:23+00:00\" \/>\n<meta property=\"article:modified_time\" content=\"2025-07-03T15:03:59+00:00\" \/>\n<meta property=\"og:image\" content=\"https:\/\/www.ecolenormalecortot.com\/wp-content\/uploads\/2025\/07\/Composition.jpg\" \/>\n\t<meta property=\"og:image:width\" content=\"1080\" \/>\n\t<meta property=\"og:image:height\" content=\"1080\" \/>\n\t<meta property=\"og:image:type\" content=\"image\/jpeg\" \/>\n<meta name=\"author\" content=\"Marilyn Vauchot\" \/>\n<meta name=\"twitter:card\" content=\"summary_large_image\" \/>\n<meta name=\"twitter:label1\" content=\"Written by\" \/>\n\t<meta name=\"twitter:data1\" content=\"Marilyn Vauchot\" \/>\n\t<meta name=\"twitter:label2\" content=\"Est. reading time\" \/>\n\t<meta name=\"twitter:data2\" content=\"3 minutes\" \/>\n<script type=\"application\/ld+json\" class=\"yoast-schema-graph\">{\"@context\":\"https:\\\/\\\/schema.org\",\"@graph\":[{\"@type\":\"Article\",\"@id\":\"https:\\\/\\\/www.ecolenormalecortot.com\\\/en\\\/2025\\\/07\\\/03\\\/nouveaux-horizons-pour-le-departement-de-composition\\\/#article\",\"isPartOf\":{\"@id\":\"https:\\\/\\\/www.ecolenormalecortot.com\\\/en\\\/2025\\\/07\\\/03\\\/nouveaux-horizons-pour-le-departement-de-composition\\\/\"},\"author\":{\"name\":\"Marilyn Vauchot\",\"@id\":\"https:\\\/\\\/www.ecolenormalecortot.com\\\/en\\\/#\\\/schema\\\/person\\\/423821ab618ec38f3441db2386a8fb57\"},\"headline\":\"Le D\u00e9partement de Composition se r\u00e9invente !\",\"datePublished\":\"2025-07-03T15:03:23+00:00\",\"dateModified\":\"2025-07-03T15:03:59+00:00\",\"mainEntityOfPage\":{\"@id\":\"https:\\\/\\\/www.ecolenormalecortot.com\\\/en\\\/2025\\\/07\\\/03\\\/nouveaux-horizons-pour-le-departement-de-composition\\\/\"},\"wordCount\":508,\"publisher\":{\"@id\":\"https:\\\/\\\/www.ecolenormalecortot.com\\\/en\\\/#organization\"},\"image\":{\"@id\":\"https:\\\/\\\/www.ecolenormalecortot.com\\\/en\\\/2025\\\/07\\\/03\\\/nouveaux-horizons-pour-le-departement-de-composition\\\/#primaryimage\"},\"thumbnailUrl\":\"https:\\\/\\\/www.ecolenormalecortot.com\\\/wp-content\\\/uploads\\\/2025\\\/07\\\/Composition.jpg\",\"articleSection\":[\"Non classifi\u00e9(e)\"],\"inLanguage\":\"en-US\"},{\"@type\":\"WebPage\",\"@id\":\"https:\\\/\\\/www.ecolenormalecortot.com\\\/en\\\/2025\\\/07\\\/03\\\/nouveaux-horizons-pour-le-departement-de-composition\\\/\",\"url\":\"https:\\\/\\\/www.ecolenormalecortot.com\\\/en\\\/2025\\\/07\\\/03\\\/nouveaux-horizons-pour-le-departement-de-composition\\\/\",\"name\":\"Le D\u00e9partement de Composition se r\u00e9invente ! - Ecole Normale de Musique de Paris\",\"isPartOf\":{\"@id\":\"https:\\\/\\\/www.ecolenormalecortot.com\\\/en\\\/#website\"},\"primaryImageOfPage\":{\"@id\":\"https:\\\/\\\/www.ecolenormalecortot.com\\\/en\\\/2025\\\/07\\\/03\\\/nouveaux-horizons-pour-le-departement-de-composition\\\/#primaryimage\"},\"image\":{\"@id\":\"https:\\\/\\\/www.ecolenormalecortot.com\\\/en\\\/2025\\\/07\\\/03\\\/nouveaux-horizons-pour-le-departement-de-composition\\\/#primaryimage\"},\"thumbnailUrl\":\"https:\\\/\\\/www.ecolenormalecortot.com\\\/wp-content\\\/uploads\\\/2025\\\/07\\\/Composition.jpg\",\"datePublished\":\"2025-07-03T15:03:23+00:00\",\"dateModified\":\"2025-07-03T15:03:59+00:00\",\"description\":\"\u00c0 l\u2019aube de l\u2019ann\u00e9e acad\u00e9mique 2025-2026, le D\u00e9partement de Composition de l\u2019\u00c9cole Normale de Musique de Paris se r\u00e9invente.\",\"breadcrumb\":{\"@id\":\"https:\\\/\\\/www.ecolenormalecortot.com\\\/en\\\/2025\\\/07\\\/03\\\/nouveaux-horizons-pour-le-departement-de-composition\\\/#breadcrumb\"},\"inLanguage\":\"en-US\",\"potentialAction\":[{\"@type\":\"ReadAction\",\"target\":[\"https:\\\/\\\/www.ecolenormalecortot.com\\\/en\\\/2025\\\/07\\\/03\\\/nouveaux-horizons-pour-le-departement-de-composition\\\/\"]}]},{\"@type\":\"ImageObject\",\"inLanguage\":\"en-US\",\"@id\":\"https:\\\/\\\/www.ecolenormalecortot.com\\\/en\\\/2025\\\/07\\\/03\\\/nouveaux-horizons-pour-le-departement-de-composition\\\/#primaryimage\",\"url\":\"https:\\\/\\\/www.ecolenormalecortot.com\\\/wp-content\\\/uploads\\\/2025\\\/07\\\/Composition.jpg\",\"contentUrl\":\"https:\\\/\\\/www.ecolenormalecortot.com\\\/wp-content\\\/uploads\\\/2025\\\/07\\\/Composition.jpg\",\"width\":1080,\"height\":1080},{\"@type\":\"BreadcrumbList\",\"@id\":\"https:\\\/\\\/www.ecolenormalecortot.com\\\/en\\\/2025\\\/07\\\/03\\\/nouveaux-horizons-pour-le-departement-de-composition\\\/#breadcrumb\",\"itemListElement\":[{\"@type\":\"ListItem\",\"position\":1,\"name\":\"Accueil\",\"item\":\"https:\\\/\\\/www.ecolenormalecortot.com\\\/en\\\/\"},{\"@type\":\"ListItem\",\"position\":2,\"name\":\"Le D\u00e9partement de Composition se r\u00e9invente !\"}]},{\"@type\":\"WebSite\",\"@id\":\"https:\\\/\\\/www.ecolenormalecortot.com\\\/en\\\/#website\",\"url\":\"https:\\\/\\\/www.ecolenormalecortot.com\\\/en\\\/\",\"name\":\"Ecole Normale de Musique de Paris\",\"description\":\"\",\"publisher\":{\"@id\":\"https:\\\/\\\/www.ecolenormalecortot.com\\\/en\\\/#organization\"},\"potentialAction\":[{\"@type\":\"SearchAction\",\"target\":{\"@type\":\"EntryPoint\",\"urlTemplate\":\"https:\\\/\\\/www.ecolenormalecortot.com\\\/en\\\/?s={search_term_string}\"},\"query-input\":{\"@type\":\"PropertyValueSpecification\",\"valueRequired\":true,\"valueName\":\"search_term_string\"}}],\"inLanguage\":\"en-US\"},{\"@type\":\"Organization\",\"@id\":\"https:\\\/\\\/www.ecolenormalecortot.com\\\/en\\\/#organization\",\"name\":\"Ecole Normale de Musique de Paris\",\"url\":\"https:\\\/\\\/www.ecolenormalecortot.com\\\/en\\\/\",\"logo\":{\"@type\":\"ImageObject\",\"inLanguage\":\"en-US\",\"@id\":\"https:\\\/\\\/www.ecolenormalecortot.com\\\/en\\\/#\\\/schema\\\/logo\\\/image\\\/\",\"url\":\"https:\\\/\\\/www.ecolenormalecortot.com\\\/wp-content\\\/uploads\\\/2023\\\/02\\\/android-chrome-512x512-1.png\",\"contentUrl\":\"https:\\\/\\\/www.ecolenormalecortot.com\\\/wp-content\\\/uploads\\\/2023\\\/02\\\/android-chrome-512x512-1.png\",\"width\":512,\"height\":512,\"caption\":\"Ecole Normale de Musique de Paris\"},\"image\":{\"@id\":\"https:\\\/\\\/www.ecolenormalecortot.com\\\/en\\\/#\\\/schema\\\/logo\\\/image\\\/\"}},{\"@type\":\"Person\",\"@id\":\"https:\\\/\\\/www.ecolenormalecortot.com\\\/en\\\/#\\\/schema\\\/person\\\/423821ab618ec38f3441db2386a8fb57\",\"name\":\"Marilyn Vauchot\",\"image\":{\"@type\":\"ImageObject\",\"inLanguage\":\"en-US\",\"@id\":\"https:\\\/\\\/secure.gravatar.com\\\/avatar\\\/69b7afe77021b0a30fafc91bbf47c9e0b64d18d8971fe76a9e6bbb6a52f57c78?s=96&d=mm&r=g\",\"url\":\"https:\\\/\\\/secure.gravatar.com\\\/avatar\\\/69b7afe77021b0a30fafc91bbf47c9e0b64d18d8971fe76a9e6bbb6a52f57c78?s=96&d=mm&r=g\",\"contentUrl\":\"https:\\\/\\\/secure.gravatar.com\\\/avatar\\\/69b7afe77021b0a30fafc91bbf47c9e0b64d18d8971fe76a9e6bbb6a52f57c78?s=96&d=mm&r=g\",\"caption\":\"Marilyn Vauchot\"}}]}<\/script>\n<!-- \/ Yoast SEO plugin. -->","yoast_head_json":{"title":"Le D\u00e9partement de Composition se r\u00e9invente ! - Ecole Normale de Musique de Paris","description":"\u00c0 l\u2019aube de l\u2019ann\u00e9e acad\u00e9mique 2025-2026, le D\u00e9partement de Composition de l\u2019\u00c9cole Normale de Musique de Paris se r\u00e9invente.","robots":{"index":"index","follow":"follow","max-snippet":"max-snippet:-1","max-image-preview":"max-image-preview:large","max-video-preview":"max-video-preview:-1"},"canonical":"https:\/\/www.ecolenormalecortot.com\/en\/2025\/07\/03\/nouveaux-horizons-pour-le-departement-de-composition\/","og_locale":"en_US","og_type":"article","og_title":"Le D\u00e9partement de Composition se r\u00e9invente ! - Ecole Normale de Musique de Paris","og_description":"\u00c0 l\u2019aube de l\u2019ann\u00e9e acad\u00e9mique 2025-2026, le D\u00e9partement de Composition de l\u2019\u00c9cole Normale de Musique de Paris se r\u00e9invente.","og_url":"https:\/\/www.ecolenormalecortot.com\/en\/2025\/07\/03\/nouveaux-horizons-pour-le-departement-de-composition\/","og_site_name":"Ecole Normale de Musique de Paris","article_published_time":"2025-07-03T15:03:23+00:00","article_modified_time":"2025-07-03T15:03:59+00:00","og_image":[{"width":1080,"height":1080,"url":"https:\/\/www.ecolenormalecortot.com\/wp-content\/uploads\/2025\/07\/Composition.jpg","type":"image\/jpeg"}],"author":"Marilyn Vauchot","twitter_card":"summary_large_image","twitter_misc":{"Written by":"Marilyn Vauchot","Est. reading time":"3 minutes"},"schema":{"@context":"https:\/\/schema.org","@graph":[{"@type":"Article","@id":"https:\/\/www.ecolenormalecortot.com\/en\/2025\/07\/03\/nouveaux-horizons-pour-le-departement-de-composition\/#article","isPartOf":{"@id":"https:\/\/www.ecolenormalecortot.com\/en\/2025\/07\/03\/nouveaux-horizons-pour-le-departement-de-composition\/"},"author":{"name":"Marilyn Vauchot","@id":"https:\/\/www.ecolenormalecortot.com\/en\/#\/schema\/person\/423821ab618ec38f3441db2386a8fb57"},"headline":"Le D\u00e9partement de Composition se r\u00e9invente !","datePublished":"2025-07-03T15:03:23+00:00","dateModified":"2025-07-03T15:03:59+00:00","mainEntityOfPage":{"@id":"https:\/\/www.ecolenormalecortot.com\/en\/2025\/07\/03\/nouveaux-horizons-pour-le-departement-de-composition\/"},"wordCount":508,"publisher":{"@id":"https:\/\/www.ecolenormalecortot.com\/en\/#organization"},"image":{"@id":"https:\/\/www.ecolenormalecortot.com\/en\/2025\/07\/03\/nouveaux-horizons-pour-le-departement-de-composition\/#primaryimage"},"thumbnailUrl":"https:\/\/www.ecolenormalecortot.com\/wp-content\/uploads\/2025\/07\/Composition.jpg","articleSection":["Non classifi\u00e9(e)"],"inLanguage":"en-US"},{"@type":"WebPage","@id":"https:\/\/www.ecolenormalecortot.com\/en\/2025\/07\/03\/nouveaux-horizons-pour-le-departement-de-composition\/","url":"https:\/\/www.ecolenormalecortot.com\/en\/2025\/07\/03\/nouveaux-horizons-pour-le-departement-de-composition\/","name":"Le D\u00e9partement de Composition se r\u00e9invente ! - Ecole Normale de Musique de Paris","isPartOf":{"@id":"https:\/\/www.ecolenormalecortot.com\/en\/#website"},"primaryImageOfPage":{"@id":"https:\/\/www.ecolenormalecortot.com\/en\/2025\/07\/03\/nouveaux-horizons-pour-le-departement-de-composition\/#primaryimage"},"image":{"@id":"https:\/\/www.ecolenormalecortot.com\/en\/2025\/07\/03\/nouveaux-horizons-pour-le-departement-de-composition\/#primaryimage"},"thumbnailUrl":"https:\/\/www.ecolenormalecortot.com\/wp-content\/uploads\/2025\/07\/Composition.jpg","datePublished":"2025-07-03T15:03:23+00:00","dateModified":"2025-07-03T15:03:59+00:00","description":"\u00c0 l\u2019aube de l\u2019ann\u00e9e acad\u00e9mique 2025-2026, le D\u00e9partement de Composition de l\u2019\u00c9cole Normale de Musique de Paris se r\u00e9invente.","breadcrumb":{"@id":"https:\/\/www.ecolenormalecortot.com\/en\/2025\/07\/03\/nouveaux-horizons-pour-le-departement-de-composition\/#breadcrumb"},"inLanguage":"en-US","potentialAction":[{"@type":"ReadAction","target":["https:\/\/www.ecolenormalecortot.com\/en\/2025\/07\/03\/nouveaux-horizons-pour-le-departement-de-composition\/"]}]},{"@type":"ImageObject","inLanguage":"en-US","@id":"https:\/\/www.ecolenormalecortot.com\/en\/2025\/07\/03\/nouveaux-horizons-pour-le-departement-de-composition\/#primaryimage","url":"https:\/\/www.ecolenormalecortot.com\/wp-content\/uploads\/2025\/07\/Composition.jpg","contentUrl":"https:\/\/www.ecolenormalecortot.com\/wp-content\/uploads\/2025\/07\/Composition.jpg","width":1080,"height":1080},{"@type":"BreadcrumbList","@id":"https:\/\/www.ecolenormalecortot.com\/en\/2025\/07\/03\/nouveaux-horizons-pour-le-departement-de-composition\/#breadcrumb","itemListElement":[{"@type":"ListItem","position":1,"name":"Accueil","item":"https:\/\/www.ecolenormalecortot.com\/en\/"},{"@type":"ListItem","position":2,"name":"Le D\u00e9partement de Composition se r\u00e9invente !"}]},{"@type":"WebSite","@id":"https:\/\/www.ecolenormalecortot.com\/en\/#website","url":"https:\/\/www.ecolenormalecortot.com\/en\/","name":"Ecole Normale de Musique de Paris","description":"","publisher":{"@id":"https:\/\/www.ecolenormalecortot.com\/en\/#organization"},"potentialAction":[{"@type":"SearchAction","target":{"@type":"EntryPoint","urlTemplate":"https:\/\/www.ecolenormalecortot.com\/en\/?s={search_term_string}"},"query-input":{"@type":"PropertyValueSpecification","valueRequired":true,"valueName":"search_term_string"}}],"inLanguage":"en-US"},{"@type":"Organization","@id":"https:\/\/www.ecolenormalecortot.com\/en\/#organization","name":"Ecole Normale de Musique de Paris","url":"https:\/\/www.ecolenormalecortot.com\/en\/","logo":{"@type":"ImageObject","inLanguage":"en-US","@id":"https:\/\/www.ecolenormalecortot.com\/en\/#\/schema\/logo\/image\/","url":"https:\/\/www.ecolenormalecortot.com\/wp-content\/uploads\/2023\/02\/android-chrome-512x512-1.png","contentUrl":"https:\/\/www.ecolenormalecortot.com\/wp-content\/uploads\/2023\/02\/android-chrome-512x512-1.png","width":512,"height":512,"caption":"Ecole Normale de Musique de Paris"},"image":{"@id":"https:\/\/www.ecolenormalecortot.com\/en\/#\/schema\/logo\/image\/"}},{"@type":"Person","@id":"https:\/\/www.ecolenormalecortot.com\/en\/#\/schema\/person\/423821ab618ec38f3441db2386a8fb57","name":"Marilyn Vauchot","image":{"@type":"ImageObject","inLanguage":"en-US","@id":"https:\/\/secure.gravatar.com\/avatar\/69b7afe77021b0a30fafc91bbf47c9e0b64d18d8971fe76a9e6bbb6a52f57c78?s=96&d=mm&r=g","url":"https:\/\/secure.gravatar.com\/avatar\/69b7afe77021b0a30fafc91bbf47c9e0b64d18d8971fe76a9e6bbb6a52f57c78?s=96&d=mm&r=g","contentUrl":"https:\/\/secure.gravatar.com\/avatar\/69b7afe77021b0a30fafc91bbf47c9e0b64d18d8971fe76a9e6bbb6a52f57c78?s=96&d=mm&r=g","caption":"Marilyn Vauchot"}}]}},"_links":{"self":[{"href":"https:\/\/www.ecolenormalecortot.com\/en\/wp-json\/wp\/v2\/posts\/10800","targetHints":{"allow":["GET"]}}],"collection":[{"href":"https:\/\/www.ecolenormalecortot.com\/en\/wp-json\/wp\/v2\/posts"}],"about":[{"href":"https:\/\/www.ecolenormalecortot.com\/en\/wp-json\/wp\/v2\/types\/post"}],"author":[{"embeddable":true,"href":"https:\/\/www.ecolenormalecortot.com\/en\/wp-json\/wp\/v2\/users\/6"}],"replies":[{"embeddable":true,"href":"https:\/\/www.ecolenormalecortot.com\/en\/wp-json\/wp\/v2\/comments?post=10800"}],"version-history":[{"count":2,"href":"https:\/\/www.ecolenormalecortot.com\/en\/wp-json\/wp\/v2\/posts\/10800\/revisions"}],"predecessor-version":[{"id":10806,"href":"https:\/\/www.ecolenormalecortot.com\/en\/wp-json\/wp\/v2\/posts\/10800\/revisions\/10806"}],"wp:featuredmedia":[{"embeddable":true,"href":"https:\/\/www.ecolenormalecortot.com\/en\/wp-json\/wp\/v2\/media\/10803"}],"wp:attachment":[{"href":"https:\/\/www.ecolenormalecortot.com\/en\/wp-json\/wp\/v2\/media?parent=10800"}],"wp:term":[{"taxonomy":"category","embeddable":true,"href":"https:\/\/www.ecolenormalecortot.com\/en\/wp-json\/wp\/v2\/categories?post=10800"},{"taxonomy":"post_tag","embeddable":true,"href":"https:\/\/www.ecolenormalecortot.com\/en\/wp-json\/wp\/v2\/tags?post=10800"}],"curies":[{"name":"wp","href":"https:\/\/api.w.org\/{rel}","templated":true}]}}